{"id":2009,"date":"2025-02-18T11:01:15","date_gmt":"2025-02-18T15:01:15","guid":{"rendered":"https:\/\/nucleodisca.cl\/?p=2009"},"modified":"2026-04-16T10:30:51","modified_gmt":"2026-04-16T14:30:51","slug":"feminist-ethic-of-care-in-academic-knowledge-production-reflections-from-disability-researchers-etica-feminista-del-cuidado-en-la-produccion-academica-de-conocimiento-reflexiones-de-investigadores","status":"publish","type":"post","link":"https:\/\/nucleodisca.cl\/en\/feminist-ethic-of-care-in-academic-knowledge-production-reflections-from-disability-researchers-etica-feminista-del-cuidado-en-la-produccion-academica-de-conocimiento-reflexiones-de-investigadores\/","title":{"rendered":"Feminist ethic of care in academic knowledge production: Reflections from disability researchers"},"content":{"rendered":"<p><b>Points of interest:<\/b><\/p>\n<ul>\n<li style=\"font-weight: 400;\" aria-level=\"1\"><span style=\"font-weight: 400;\">This article reflects on care in research. The authors propose that care is an ethical foundation of academic production.<\/span><\/li>\n<li style=\"font-weight: 400;\" aria-level=\"1\"><span style=\"font-weight: 400;\">Feminist disability studies include the ethics of vulnerability and care. They also discuss the pressure to produce that is placed on people with diverse bodies.<\/span><\/li>\n<li style=\"font-weight: 400;\" aria-level=\"1\"><span style=\"font-weight: 400;\">Twenty postgraduate students were interviewed.<\/span><\/li>\n<li style=\"font-weight: 400;\" aria-level=\"1\"><span style=\"font-weight: 400;\">Participants mention a need to include the ethics of care in research. They intend to transform how researchers and participants relate to one another.<\/span><\/li>\n<li style=\"font-weight: 400;\" aria-level=\"1\"><span style=\"font-weight: 400;\">The results help define the ethics of care as based on experience with disability. This type of ethics seeks to create the conditions for sharing emotions and reflecting on the power dynamic between participant and researcher, in order to foster shared learning.<\/span><\/li>\n<\/ul>\n<p>&nbsp;<\/p>\n<p><b>Grades:<\/b><\/p>\n<ul>\n<li style=\"font-weight: 400;\" aria-level=\"1\"><span style=\"font-weight: 400;\">The following summary was prepared by the Millennium Nucleus DISCA and is based exclusively on the publication. Therefore, it cannot be used for citations or references.<\/span><\/li>\n<li style=\"font-weight: 400;\" aria-level=\"1\"><span style=\"font-weight: 400;\">This article was originally published in English.<\/span><\/li>\n<\/ul>\n<p><\/p>","protected":false},"excerpt":{"rendered":"<p>Points of interest: This article reflects on care in research. The authors propose that care is an ethical foundation of academic production. Feminist disability studies include the ethics of vulnerability and care. They also discuss the pressure to produce that is placed on people with diverse bodies. Twenty postgraduate students were interviewed. Participants mention a [&hellip;]<\/p>\n","protected":false},"author":5,"featured_media":0,"comment_status":"closed","ping_status":"closed","sticky":false,"template":"","format":"standard","meta":{"_acf_changed":false,"footnotes":""},"categories":[16],"tags":[35],"class_list":["post-2009","post","type-post","status-publish","format-standard","hentry","category-publications","tag-investigacion-inclusiva"],"acf":[],"yoast_head":"<!-- This site is optimized with the Yoast SEO plugin v25.6 - https:\/\/yoast.com\/wordpress\/plugins\/seo\/ -->\n<title>Feminist ethic of care in academic knowledge production: Reflections from disability researchers - N\u00facleo Disca<\/title>\n<meta name=\"robots\" content=\"index, follow, max-snippet:-1, max-image-preview:large, max-video-preview:-1\" \/>\n<link rel=\"canonical\" href=\"https:\/\/nucleodisca.cl\/feminist-ethic-of-care-in-academic-knowledge-production-reflections-from-disability-researchers-etica-feminista-del-cuidado-en-la-produccion-academica-de-conocimiento-reflexiones-de-investigadores\/\" \/>\n<meta property=\"og:locale\" content=\"en_US\" \/>\n<meta property=\"og:type\" content=\"article\" \/>\n<meta property=\"og:title\" content=\"[:es]Feminist ethic of care in academic knowledge production: Reflections from disability researchers [\u00c9tica feminista del cuidado en la producci\u00f3n acad\u00e9mica de conocimiento: reflexiones de investigadores sobre discapacidad][:en]Feminist ethic of care in academic knowledge production: Reflections from disability researchers[:] - N\u00facleo Disca\" \/>\n<meta property=\"og:description\" content=\"Points of interest: This article reflects on care in research. The authors propose that care is an ethical foundation of academic production. Feminist disability studies include the ethics of vulnerability and care. They also discuss the pressure to produce that is placed on people with diverse bodies. Twenty postgraduate students were interviewed. Participants mention a [&hellip;]\" \/>\n<meta property=\"og:url\" content=\"https:\/\/nucleodisca.cl\/feminist-ethic-of-care-in-academic-knowledge-production-reflections-from-disability-researchers-etica-feminista-del-cuidado-en-la-produccion-academica-de-conocimiento-reflexiones-de-investigadores\/\" \/>\n<meta property=\"og:site_name\" content=\"N\u00facleo Disca\" \/>\n<meta property=\"article:publisher\" content=\"https:\/\/www.facebook.com\/nucleodisca\" \/>\n<meta property=\"article:published_time\" content=\"2025-02-18T15:01:15+00:00\" \/>\n<meta property=\"article:modified_time\" content=\"2026-04-16T14:30:51+00:00\" \/>\n<meta name=\"author\" content=\"Comunicaciones N\u00facleo DISCA\" \/>\n<meta name=\"twitter:card\" content=\"summary_large_image\" \/>\n<meta name=\"twitter:creator\" content=\"@NucleoDISCA\" \/>\n<meta name=\"twitter:site\" content=\"@NucleoDISCA\" \/>\n<meta name=\"twitter:label1\" content=\"Written by\" \/>\n\t<meta name=\"twitter:data1\" content=\"Comunicaciones N\u00facleo DISCA\" \/>\n\t<meta name=\"twitter:label2\" content=\"Est. reading time\" \/>\n\t<meta name=\"twitter:data2\" content=\"1 minute\" \/>\n<script type=\"application\/ld+json\" class=\"yoast-schema-graph\">{\"@context\":\"https:\/\/schema.org\",\"@graph\":[{\"@type\":\"Article\",\"@id\":\"https:\/\/nucleodisca.cl\/feminist-ethic-of-care-in-academic-knowledge-production-reflections-from-disability-researchers-etica-feminista-del-cuidado-en-la-produccion-academica-de-conocimiento-reflexiones-de-investigadores\/#article\",\"isPartOf\":{\"@id\":\"https:\/\/nucleodisca.cl\/feminist-ethic-of-care-in-academic-knowledge-production-reflections-from-disability-researchers-etica-feminista-del-cuidado-en-la-produccion-academica-de-conocimiento-reflexiones-de-investigadores\/\"},\"author\":{\"name\":\"Comunicaciones N\u00facleo DISCA\",\"@id\":\"https:\/\/nucleodisca.cl\/#\/schema\/person\/0d5d5ce734125bf4107dd5e3ac72e68d\"},\"headline\":\"Feminist ethic of care in academic knowledge production: Reflections from disability researchers\",\"datePublished\":\"2025-02-18T15:01:15+00:00\",\"dateModified\":\"2026-04-16T14:30:51+00:00\",\"mainEntityOfPage\":{\"@id\":\"https:\/\/nucleodisca.cl\/feminist-ethic-of-care-in-academic-knowledge-production-reflections-from-disability-researchers-etica-feminista-del-cuidado-en-la-produccion-academica-de-conocimiento-reflexiones-de-investigadores\/\"},\"wordCount\":385,\"publisher\":{\"@id\":\"https:\/\/nucleodisca.cl\/#organization\"},\"keywords\":[\"Investigaci\u00f3n inclusiva y participativa en discapacidad\"],\"articleSection\":[\"Scientific Publications\"],\"inLanguage\":\"en-US\"},{\"@type\":\"WebPage\",\"@id\":\"https:\/\/nucleodisca.cl\/feminist-ethic-of-care-in-academic-knowledge-production-reflections-from-disability-researchers-etica-feminista-del-cuidado-en-la-produccion-academica-de-conocimiento-reflexiones-de-investigadores\/\",\"url\":\"https:\/\/nucleodisca.cl\/feminist-ethic-of-care-in-academic-knowledge-production-reflections-from-disability-researchers-etica-feminista-del-cuidado-en-la-produccion-academica-de-conocimiento-reflexiones-de-investigadores\/\",\"name\":\"[:es]Feminist ethic of care in academic knowledge production: Reflections from disability researchers [\u00c9tica feminista del cuidado en la producci\u00f3n acad\u00e9mica de conocimiento: reflexiones de investigadores sobre discapacidad][:en]Feminist ethic of care in academic knowledge production: Reflections from disability researchers[:] - N\u00facleo Disca\",\"isPartOf\":{\"@id\":\"https:\/\/nucleodisca.cl\/#website\"},\"datePublished\":\"2025-02-18T15:01:15+00:00\",\"dateModified\":\"2026-04-16T14:30:51+00:00\",\"breadcrumb\":{\"@id\":\"https:\/\/nucleodisca.cl\/feminist-ethic-of-care-in-academic-knowledge-production-reflections-from-disability-researchers-etica-feminista-del-cuidado-en-la-produccion-academica-de-conocimiento-reflexiones-de-investigadores\/#breadcrumb\"},\"inLanguage\":\"en-US\",\"potentialAction\":[{\"@type\":\"ReadAction\",\"target\":[\"https:\/\/nucleodisca.cl\/feminist-ethic-of-care-in-academic-knowledge-production-reflections-from-disability-researchers-etica-feminista-del-cuidado-en-la-produccion-academica-de-conocimiento-reflexiones-de-investigadores\/\"]}]},{\"@type\":\"BreadcrumbList\",\"@id\":\"https:\/\/nucleodisca.cl\/feminist-ethic-of-care-in-academic-knowledge-production-reflections-from-disability-researchers-etica-feminista-del-cuidado-en-la-produccion-academica-de-conocimiento-reflexiones-de-investigadores\/#breadcrumb\",\"itemListElement\":[{\"@type\":\"ListItem\",\"position\":1,\"name\":\"Portada\",\"item\":\"https:\/\/nucleodisca.cl\/\"},{\"@type\":\"ListItem\",\"position\":2,\"name\":\"Feminist ethic of care in academic knowledge production: Reflections from disability researchers [\u00c9tica feminista del cuidado en la producci\u00f3n acad\u00e9mica de conocimiento: reflexiones de investigadores sobre discapacidad]\"}]},{\"@type\":\"WebSite\",\"@id\":\"https:\/\/nucleodisca.cl\/#website\",\"url\":\"https:\/\/nucleodisca.cl\/\",\"name\":\"N\u00facleo Disca\",\"description\":\"Disability and citizenship\",\"publisher\":{\"@id\":\"https:\/\/nucleodisca.cl\/#organization\"},\"potentialAction\":[{\"@type\":\"SearchAction\",\"target\":{\"@type\":\"EntryPoint\",\"urlTemplate\":\"https:\/\/nucleodisca.cl\/?s={search_term_string}\"},\"query-input\":{\"@type\":\"PropertyValueSpecification\",\"valueRequired\":true,\"valueName\":\"search_term_string\"}}],\"inLanguage\":\"en-US\"},{\"@type\":\"Organization\",\"@id\":\"https:\/\/nucleodisca.cl\/#organization\",\"name\":\"N\u00facleo Milenio Disca\",\"url\":\"https:\/\/nucleodisca.cl\/\",\"logo\":{\"@type\":\"ImageObject\",\"inLanguage\":\"en-US\",\"@id\":\"https:\/\/nucleodisca.cl\/#\/schema\/logo\/image\/\",\"url\":\"https:\/\/nucleodisca.cl\/cms\/wp-content\/uploads\/2023\/10\/DISCA-2-NEGRO-COLOR-A.png\",\"contentUrl\":\"https:\/\/nucleodisca.cl\/cms\/wp-content\/uploads\/2023\/10\/DISCA-2-NEGRO-COLOR-A.png\",\"width\":3319,\"height\":1759,\"caption\":\"N\u00facleo Milenio Disca\"},\"image\":{\"@id\":\"https:\/\/nucleodisca.cl\/#\/schema\/logo\/image\/\"},\"sameAs\":[\"https:\/\/www.facebook.com\/nucleodisca\",\"https:\/\/x.com\/NucleoDISCA\",\"https:\/\/www.instagram.com\/nucleodisca\/\",\"https:\/\/www.linkedin.com\/in\/andreaocampocea\/\"]},{\"@type\":\"Person\",\"@id\":\"https:\/\/nucleodisca.cl\/#\/schema\/person\/0d5d5ce734125bf4107dd5e3ac72e68d\",\"name\":\"Comunicaciones N\u00facleo DISCA\",\"image\":{\"@type\":\"ImageObject\",\"inLanguage\":\"en-US\",\"@id\":\"https:\/\/nucleodisca.cl\/#\/schema\/person\/image\/\",\"url\":\"https:\/\/secure.gravatar.com\/avatar\/de60239641be037891609bfc9d5937b65c6dbb4447c8d5cad76c0b85bbd7643f?s=96&d=mm&r=g\",\"contentUrl\":\"https:\/\/secure.gravatar.com\/avatar\/de60239641be037891609bfc9d5937b65c6dbb4447c8d5cad76c0b85bbd7643f?s=96&d=mm&r=g\",\"caption\":\"Comunicaciones N\u00facleo DISCA\"},\"url\":\"https:\/\/nucleodisca.cl\/en\/author\/comunicaciones\/\"}]}<\/script>\n<!-- \/ Yoast SEO plugin. -->","yoast_head_json":{"title":"[:es]Feminist ethic of care in academic knowledge production: Reflections from disability researchers [\u00c9tica feminista del cuidado en la producci\u00f3n acad\u00e9mica de conocimiento: reflexiones de investigadores sobre discapacidad][:en]Feminist ethic of care in academic knowledge production: Reflections from disability researchers[:] - N\u00facleo Disca","robots":{"index":"index","follow":"follow","max-snippet":"max-snippet:-1","max-image-preview":"max-image-preview:large","max-video-preview":"max-video-preview:-1"},"canonical":"https:\/\/nucleodisca.cl\/feminist-ethic-of-care-in-academic-knowledge-production-reflections-from-disability-researchers-etica-feminista-del-cuidado-en-la-produccion-academica-de-conocimiento-reflexiones-de-investigadores\/","og_locale":"en_US","og_type":"article","og_title":"[:es]Feminist ethic of care in academic knowledge production: Reflections from disability researchers [\u00c9tica feminista del cuidado en la producci\u00f3n acad\u00e9mica de conocimiento: reflexiones de investigadores sobre discapacidad][:en]Feminist ethic of care in academic knowledge production: Reflections from disability researchers[:] - N\u00facleo Disca","og_description":"Points of interest: This article reflects on care in research. The authors propose that care is an ethical foundation of academic production. Feminist disability studies include the ethics of vulnerability and care. They also discuss the pressure to produce that is placed on people with diverse bodies. Twenty postgraduate students were interviewed. Participants mention a [&hellip;]","og_url":"https:\/\/nucleodisca.cl\/feminist-ethic-of-care-in-academic-knowledge-production-reflections-from-disability-researchers-etica-feminista-del-cuidado-en-la-produccion-academica-de-conocimiento-reflexiones-de-investigadores\/","og_site_name":"N\u00facleo Disca","article_publisher":"https:\/\/www.facebook.com\/nucleodisca","article_published_time":"2025-02-18T15:01:15+00:00","article_modified_time":"2026-04-16T14:30:51+00:00","author":"Comunicaciones N\u00facleo DISCA","twitter_card":"summary_large_image","twitter_creator":"@NucleoDISCA","twitter_site":"@NucleoDISCA","twitter_misc":{"Written by":"Comunicaciones N\u00facleo DISCA","Est. reading time":"1 minute"},"schema":{"@context":"https:\/\/schema.org","@graph":[{"@type":"Article","@id":"https:\/\/nucleodisca.cl\/feminist-ethic-of-care-in-academic-knowledge-production-reflections-from-disability-researchers-etica-feminista-del-cuidado-en-la-produccion-academica-de-conocimiento-reflexiones-de-investigadores\/#article","isPartOf":{"@id":"https:\/\/nucleodisca.cl\/feminist-ethic-of-care-in-academic-knowledge-production-reflections-from-disability-researchers-etica-feminista-del-cuidado-en-la-produccion-academica-de-conocimiento-reflexiones-de-investigadores\/"},"author":{"name":"Comunicaciones N\u00facleo DISCA","@id":"https:\/\/nucleodisca.cl\/#\/schema\/person\/0d5d5ce734125bf4107dd5e3ac72e68d"},"headline":"Feminist ethic of care in academic knowledge production: Reflections from disability researchers","datePublished":"2025-02-18T15:01:15+00:00","dateModified":"2026-04-16T14:30:51+00:00","mainEntityOfPage":{"@id":"https:\/\/nucleodisca.cl\/feminist-ethic-of-care-in-academic-knowledge-production-reflections-from-disability-researchers-etica-feminista-del-cuidado-en-la-produccion-academica-de-conocimiento-reflexiones-de-investigadores\/"},"wordCount":385,"publisher":{"@id":"https:\/\/nucleodisca.cl\/#organization"},"keywords":["Investigaci\u00f3n inclusiva y participativa en discapacidad"],"articleSection":["Scientific Publications"],"inLanguage":"en-US"},{"@type":"WebPage","@id":"https:\/\/nucleodisca.cl\/feminist-ethic-of-care-in-academic-knowledge-production-reflections-from-disability-researchers-etica-feminista-del-cuidado-en-la-produccion-academica-de-conocimiento-reflexiones-de-investigadores\/","url":"https:\/\/nucleodisca.cl\/feminist-ethic-of-care-in-academic-knowledge-production-reflections-from-disability-researchers-etica-feminista-del-cuidado-en-la-produccion-academica-de-conocimiento-reflexiones-de-investigadores\/","name":"[:es]Feminist ethic of care in academic knowledge production: Reflections from disability researchers [\u00c9tica feminista del cuidado en la producci\u00f3n acad\u00e9mica de conocimiento: reflexiones de investigadores sobre discapacidad][:en]Feminist ethic of care in academic knowledge production: Reflections from disability researchers[:] - N\u00facleo Disca","isPartOf":{"@id":"https:\/\/nucleodisca.cl\/#website"},"datePublished":"2025-02-18T15:01:15+00:00","dateModified":"2026-04-16T14:30:51+00:00","breadcrumb":{"@id":"https:\/\/nucleodisca.cl\/feminist-ethic-of-care-in-academic-knowledge-production-reflections-from-disability-researchers-etica-feminista-del-cuidado-en-la-produccion-academica-de-conocimiento-reflexiones-de-investigadores\/#breadcrumb"},"inLanguage":"en-US","potentialAction":[{"@type":"ReadAction","target":["https:\/\/nucleodisca.cl\/feminist-ethic-of-care-in-academic-knowledge-production-reflections-from-disability-researchers-etica-feminista-del-cuidado-en-la-produccion-academica-de-conocimiento-reflexiones-de-investigadores\/"]}]},{"@type":"BreadcrumbList","@id":"https:\/\/nucleodisca.cl\/feminist-ethic-of-care-in-academic-knowledge-production-reflections-from-disability-researchers-etica-feminista-del-cuidado-en-la-produccion-academica-de-conocimiento-reflexiones-de-investigadores\/#breadcrumb","itemListElement":[{"@type":"ListItem","position":1,"name":"Portada","item":"https:\/\/nucleodisca.cl\/"},{"@type":"ListItem","position":2,"name":"Feminist ethic of care in academic knowledge production: Reflections from disability researchers [\u00c9tica feminista del cuidado en la producci\u00f3n acad\u00e9mica de conocimiento: reflexiones de investigadores sobre discapacidad]"}]},{"@type":"WebSite","@id":"https:\/\/nucleodisca.cl\/#website","url":"https:\/\/nucleodisca.cl\/","name":"N\u00facleo Disca","description":"Disability and citizenship","publisher":{"@id":"https:\/\/nucleodisca.cl\/#organization"},"potentialAction":[{"@type":"SearchAction","target":{"@type":"EntryPoint","urlTemplate":"https:\/\/nucleodisca.cl\/?s={search_term_string}"},"query-input":{"@type":"PropertyValueSpecification","valueRequired":true,"valueName":"search_term_string"}}],"inLanguage":"en-US"},{"@type":"Organization","@id":"https:\/\/nucleodisca.cl\/#organization","name":"N\u00facleo Milenio Disca","url":"https:\/\/nucleodisca.cl\/","logo":{"@type":"ImageObject","inLanguage":"en-US","@id":"https:\/\/nucleodisca.cl\/#\/schema\/logo\/image\/","url":"https:\/\/nucleodisca.cl\/cms\/wp-content\/uploads\/2023\/10\/DISCA-2-NEGRO-COLOR-A.png","contentUrl":"https:\/\/nucleodisca.cl\/cms\/wp-content\/uploads\/2023\/10\/DISCA-2-NEGRO-COLOR-A.png","width":3319,"height":1759,"caption":"N\u00facleo Milenio Disca"},"image":{"@id":"https:\/\/nucleodisca.cl\/#\/schema\/logo\/image\/"},"sameAs":["https:\/\/www.facebook.com\/nucleodisca","https:\/\/x.com\/NucleoDISCA","https:\/\/www.instagram.com\/nucleodisca\/","https:\/\/www.linkedin.com\/in\/andreaocampocea\/"]},{"@type":"Person","@id":"https:\/\/nucleodisca.cl\/#\/schema\/person\/0d5d5ce734125bf4107dd5e3ac72e68d","name":"Comunicaciones N\u00facleo DISCA","image":{"@type":"ImageObject","inLanguage":"en-US","@id":"https:\/\/nucleodisca.cl\/#\/schema\/person\/image\/","url":"https:\/\/secure.gravatar.com\/avatar\/de60239641be037891609bfc9d5937b65c6dbb4447c8d5cad76c0b85bbd7643f?s=96&d=mm&r=g","contentUrl":"https:\/\/secure.gravatar.com\/avatar\/de60239641be037891609bfc9d5937b65c6dbb4447c8d5cad76c0b85bbd7643f?s=96&d=mm&r=g","caption":"Comunicaciones N\u00facleo DISCA"},"url":"https:\/\/nucleodisca.cl\/en\/author\/comunicaciones\/"}]}},"_links":{"self":[{"href":"https:\/\/nucleodisca.cl\/en\/wp-json\/wp\/v2\/posts\/2009","targetHints":{"allow":["GET"]}}],"collection":[{"href":"https:\/\/nucleodisca.cl\/en\/wp-json\/wp\/v2\/posts"}],"about":[{"href":"https:\/\/nucleodisca.cl\/en\/wp-json\/wp\/v2\/types\/post"}],"author":[{"embeddable":true,"href":"https:\/\/nucleodisca.cl\/en\/wp-json\/wp\/v2\/users\/5"}],"replies":[{"embeddable":true,"href":"https:\/\/nucleodisca.cl\/en\/wp-json\/wp\/v2\/comments?post=2009"}],"version-history":[{"count":2,"href":"https:\/\/nucleodisca.cl\/en\/wp-json\/wp\/v2\/posts\/2009\/revisions"}],"predecessor-version":[{"id":2012,"href":"https:\/\/nucleodisca.cl\/en\/wp-json\/wp\/v2\/posts\/2009\/revisions\/2012"}],"wp:attachment":[{"href":"https:\/\/nucleodisca.cl\/en\/wp-json\/wp\/v2\/media?parent=2009"}],"wp:term":[{"taxonomy":"category","embeddable":true,"href":"https:\/\/nucleodisca.cl\/en\/wp-json\/wp\/v2\/categories?post=2009"},{"taxonomy":"post_tag","embeddable":true,"href":"https:\/\/nucleodisca.cl\/en\/wp-json\/wp\/v2\/tags?post=2009"}],"curies":[{"name":"wp","href":"https:\/\/api.w.org\/{rel}","templated":true}]}}