{"id":2200,"date":"2023-11-13T10:56:07","date_gmt":"2023-11-13T14:56:07","guid":{"rendered":"https:\/\/nucleodisca.cl\/?p=2200"},"modified":"2026-04-20T11:04:23","modified_gmt":"2026-04-20T15:04:23","slug":"teatro-y-artivismo-anticapacitista","status":"publish","type":"post","link":"https:\/\/nucleodisca.cl\/en\/teatro-y-artivismo-anticapacitista\/","title":{"rendered":"Teatro y artivismo anticapacitista [Theater and anti-peacetic artivism]"},"content":{"rendered":"<p><strong>Points of interest:\u00a0<\/strong><\/p>\n<ul>\n<li>The article presents the anticapacitic artivism in the experience of the group Compa\u00f1\u00eda de Teatro Visi\u00f3n Imposible, composed of visually impaired people in Punta Arenas, Chile.<\/li>\n<li>Artivism blends art and activism. The authors propose it as a form of resistance.<\/li>\n<li>Artivism is understood as an expressive and political strategy and allows people to question the social order capacitist.<\/li>\n<li>Capacitism measures the value of people based on an ideal body type. Capacitism leaves out all the bodies that are different, like people with disabilities.<\/li>\n<li>Anti-capitalism values the differences in people\u2019s minds and bodies. It is a form of fighting against capacitism.<\/li>\n<li>The article shows a case study of the Theatre Company &#8220;Vision Impossible&#8221;. Focal groups and photo-ethnography were integrated. Creative preparations were also made to create a performance.<\/li>\n<li>It is shown that there are strong relationships between the members of the Company. These relationships help them to recognize their identities as persons with disabilities. The members manage to recognize these identities through art.<\/li>\n<\/ul>\n<p><strong>Notes:<\/strong><\/p>\n<ul>\n<li>The following summary was made by N\u00facleo Milenio DISCA, and was based exclusively on the publication. Therefore, it cannot be used for citations and references.<\/li>\n<li>This article was originally published in Spanish.<\/li>\n<\/ul>\n<p><\/p>","protected":false},"excerpt":{"rendered":"<p>Points of interest:\u00a0 The article presents the anticapacitic artivism in the experience of the group Compa\u00f1\u00eda de Teatro Visi\u00f3n Imposible, composed of visually impaired people in Punta Arenas, Chile. Artivism blends art and activism. The authors propose it as a form of resistance. Artivism is understood as an expressive and political strategy and allows people [&hellip;]<\/p>\n","protected":false},"author":5,"featured_media":0,"comment_status":"closed","ping_status":"closed","sticky":false,"template":"","format":"standard","meta":{"_acf_changed":false,"footnotes":""},"categories":[16],"tags":[35],"class_list":["post-2200","post","type-post","status-publish","format-standard","hentry","category-publications","tag-investigacion-inclusiva"],"acf":[],"yoast_head":"<!-- This site is optimized with the Yoast SEO plugin v25.6 - https:\/\/yoast.com\/wordpress\/plugins\/seo\/ -->\n<title>Teatro y artivismo anticapacitista [Theater and anti-peacetic artivism] - N\u00facleo Disca<\/title>\n<meta name=\"robots\" content=\"index, follow, max-snippet:-1, max-image-preview:large, max-video-preview:-1\" \/>\n<link rel=\"canonical\" href=\"https:\/\/nucleodisca.cl\/teatro-y-artivismo-anticapacitista\/\" \/>\n<meta property=\"og:locale\" content=\"en_US\" \/>\n<meta property=\"og:type\" content=\"article\" \/>\n<meta property=\"og:title\" content=\"[:es]Teatro y artivismo anticapacitista[:en]Teatro y artivismo anticapacitista [Theater and anti-peacetic artivism][:] - N\u00facleo Disca\" \/>\n<meta property=\"og:description\" content=\"Points of interest:\u00a0 The article presents the anticapacitic artivism in the experience of the group Compa\u00f1\u00eda de Teatro Visi\u00f3n Imposible, composed of visually impaired people in Punta Arenas, Chile. Artivism blends art and activism. The authors propose it as a form of resistance. Artivism is understood as an expressive and political strategy and allows people [&hellip;]\" \/>\n<meta property=\"og:url\" content=\"https:\/\/nucleodisca.cl\/teatro-y-artivismo-anticapacitista\/\" \/>\n<meta property=\"og:site_name\" content=\"N\u00facleo Disca\" \/>\n<meta property=\"article:publisher\" content=\"https:\/\/www.facebook.com\/nucleodisca\" \/>\n<meta property=\"article:published_time\" content=\"2023-11-13T14:56:07+00:00\" \/>\n<meta property=\"article:modified_time\" content=\"2026-04-20T15:04:23+00:00\" \/>\n<meta name=\"author\" content=\"Comunicaciones N\u00facleo DISCA\" \/>\n<meta name=\"twitter:card\" content=\"summary_large_image\" \/>\n<meta name=\"twitter:creator\" content=\"@NucleoDISCA\" \/>\n<meta name=\"twitter:site\" content=\"@NucleoDISCA\" \/>\n<meta name=\"twitter:label1\" content=\"Written by\" \/>\n\t<meta name=\"twitter:data1\" content=\"Comunicaciones N\u00facleo DISCA\" \/>\n\t<meta name=\"twitter:label2\" content=\"Est. reading time\" \/>\n\t<meta name=\"twitter:data2\" content=\"1 minute\" \/>\n<script type=\"application\/ld+json\" class=\"yoast-schema-graph\">{\"@context\":\"https:\/\/schema.org\",\"@graph\":[{\"@type\":\"Article\",\"@id\":\"https:\/\/nucleodisca.cl\/teatro-y-artivismo-anticapacitista\/#article\",\"isPartOf\":{\"@id\":\"https:\/\/nucleodisca.cl\/teatro-y-artivismo-anticapacitista\/\"},\"author\":{\"name\":\"Comunicaciones N\u00facleo DISCA\",\"@id\":\"https:\/\/nucleodisca.cl\/#\/schema\/person\/0d5d5ce734125bf4107dd5e3ac72e68d\"},\"headline\":\"Teatro y artivismo anticapacitista [Theater and anti-peacetic artivism]\",\"datePublished\":\"2023-11-13T14:56:07+00:00\",\"dateModified\":\"2026-04-20T15:04:23+00:00\",\"mainEntityOfPage\":{\"@id\":\"https:\/\/nucleodisca.cl\/teatro-y-artivismo-anticapacitista\/\"},\"wordCount\":451,\"publisher\":{\"@id\":\"https:\/\/nucleodisca.cl\/#organization\"},\"keywords\":[\"Investigaci\u00f3n inclusiva y participativa en discapacidad\"],\"articleSection\":[\"Scientific Publications\"],\"inLanguage\":\"en-US\"},{\"@type\":\"WebPage\",\"@id\":\"https:\/\/nucleodisca.cl\/teatro-y-artivismo-anticapacitista\/\",\"url\":\"https:\/\/nucleodisca.cl\/teatro-y-artivismo-anticapacitista\/\",\"name\":\"[:es]Teatro y artivismo anticapacitista[:en]Teatro y artivismo anticapacitista [Theater and anti-peacetic artivism][:] - N\u00facleo Disca\",\"isPartOf\":{\"@id\":\"https:\/\/nucleodisca.cl\/#website\"},\"datePublished\":\"2023-11-13T14:56:07+00:00\",\"dateModified\":\"2026-04-20T15:04:23+00:00\",\"breadcrumb\":{\"@id\":\"https:\/\/nucleodisca.cl\/teatro-y-artivismo-anticapacitista\/#breadcrumb\"},\"inLanguage\":\"en-US\",\"potentialAction\":[{\"@type\":\"ReadAction\",\"target\":[\"https:\/\/nucleodisca.cl\/teatro-y-artivismo-anticapacitista\/\"]}]},{\"@type\":\"BreadcrumbList\",\"@id\":\"https:\/\/nucleodisca.cl\/teatro-y-artivismo-anticapacitista\/#breadcrumb\",\"itemListElement\":[{\"@type\":\"ListItem\",\"position\":1,\"name\":\"Portada\",\"item\":\"https:\/\/nucleodisca.cl\/\"},{\"@type\":\"ListItem\",\"position\":2,\"name\":\"Teatro y artivismo anticapacitista\"}]},{\"@type\":\"WebSite\",\"@id\":\"https:\/\/nucleodisca.cl\/#website\",\"url\":\"https:\/\/nucleodisca.cl\/\",\"name\":\"N\u00facleo Disca\",\"description\":\"Disability and citizenship\",\"publisher\":{\"@id\":\"https:\/\/nucleodisca.cl\/#organization\"},\"potentialAction\":[{\"@type\":\"SearchAction\",\"target\":{\"@type\":\"EntryPoint\",\"urlTemplate\":\"https:\/\/nucleodisca.cl\/?s={search_term_string}\"},\"query-input\":{\"@type\":\"PropertyValueSpecification\",\"valueRequired\":true,\"valueName\":\"search_term_string\"}}],\"inLanguage\":\"en-US\"},{\"@type\":\"Organization\",\"@id\":\"https:\/\/nucleodisca.cl\/#organization\",\"name\":\"N\u00facleo Milenio Disca\",\"url\":\"https:\/\/nucleodisca.cl\/\",\"logo\":{\"@type\":\"ImageObject\",\"inLanguage\":\"en-US\",\"@id\":\"https:\/\/nucleodisca.cl\/#\/schema\/logo\/image\/\",\"url\":\"https:\/\/nucleodisca.cl\/cms\/wp-content\/uploads\/2023\/10\/DISCA-2-NEGRO-COLOR-A.png\",\"contentUrl\":\"https:\/\/nucleodisca.cl\/cms\/wp-content\/uploads\/2023\/10\/DISCA-2-NEGRO-COLOR-A.png\",\"width\":3319,\"height\":1759,\"caption\":\"N\u00facleo Milenio Disca\"},\"image\":{\"@id\":\"https:\/\/nucleodisca.cl\/#\/schema\/logo\/image\/\"},\"sameAs\":[\"https:\/\/www.facebook.com\/nucleodisca\",\"https:\/\/x.com\/NucleoDISCA\",\"https:\/\/www.instagram.com\/nucleodisca\/\",\"https:\/\/www.linkedin.com\/in\/andreaocampocea\/\"]},{\"@type\":\"Person\",\"@id\":\"https:\/\/nucleodisca.cl\/#\/schema\/person\/0d5d5ce734125bf4107dd5e3ac72e68d\",\"name\":\"Comunicaciones N\u00facleo DISCA\",\"image\":{\"@type\":\"ImageObject\",\"inLanguage\":\"en-US\",\"@id\":\"https:\/\/nucleodisca.cl\/#\/schema\/person\/image\/\",\"url\":\"https:\/\/secure.gravatar.com\/avatar\/de60239641be037891609bfc9d5937b65c6dbb4447c8d5cad76c0b85bbd7643f?s=96&d=mm&r=g\",\"contentUrl\":\"https:\/\/secure.gravatar.com\/avatar\/de60239641be037891609bfc9d5937b65c6dbb4447c8d5cad76c0b85bbd7643f?s=96&d=mm&r=g\",\"caption\":\"Comunicaciones N\u00facleo DISCA\"},\"url\":\"https:\/\/nucleodisca.cl\/en\/author\/comunicaciones\/\"}]}<\/script>\n<!-- \/ Yoast SEO plugin. -->","yoast_head_json":{"title":"[:es]Teatro y artivismo anticapacitista[:en]Teatro y artivismo anticapacitista [Theater and anti-peacetic artivism][:] - N\u00facleo Disca","robots":{"index":"index","follow":"follow","max-snippet":"max-snippet:-1","max-image-preview":"max-image-preview:large","max-video-preview":"max-video-preview:-1"},"canonical":"https:\/\/nucleodisca.cl\/teatro-y-artivismo-anticapacitista\/","og_locale":"en_US","og_type":"article","og_title":"[:es]Teatro y artivismo anticapacitista[:en]Teatro y artivismo anticapacitista [Theater and anti-peacetic artivism][:] - N\u00facleo Disca","og_description":"Points of interest:\u00a0 The article presents the anticapacitic artivism in the experience of the group Compa\u00f1\u00eda de Teatro Visi\u00f3n Imposible, composed of visually impaired people in Punta Arenas, Chile. Artivism blends art and activism. The authors propose it as a form of resistance. Artivism is understood as an expressive and political strategy and allows people [&hellip;]","og_url":"https:\/\/nucleodisca.cl\/teatro-y-artivismo-anticapacitista\/","og_site_name":"N\u00facleo Disca","article_publisher":"https:\/\/www.facebook.com\/nucleodisca","article_published_time":"2023-11-13T14:56:07+00:00","article_modified_time":"2026-04-20T15:04:23+00:00","author":"Comunicaciones N\u00facleo DISCA","twitter_card":"summary_large_image","twitter_creator":"@NucleoDISCA","twitter_site":"@NucleoDISCA","twitter_misc":{"Written by":"Comunicaciones N\u00facleo DISCA","Est. reading time":"1 minute"},"schema":{"@context":"https:\/\/schema.org","@graph":[{"@type":"Article","@id":"https:\/\/nucleodisca.cl\/teatro-y-artivismo-anticapacitista\/#article","isPartOf":{"@id":"https:\/\/nucleodisca.cl\/teatro-y-artivismo-anticapacitista\/"},"author":{"name":"Comunicaciones N\u00facleo DISCA","@id":"https:\/\/nucleodisca.cl\/#\/schema\/person\/0d5d5ce734125bf4107dd5e3ac72e68d"},"headline":"Teatro y artivismo anticapacitista [Theater and anti-peacetic artivism]","datePublished":"2023-11-13T14:56:07+00:00","dateModified":"2026-04-20T15:04:23+00:00","mainEntityOfPage":{"@id":"https:\/\/nucleodisca.cl\/teatro-y-artivismo-anticapacitista\/"},"wordCount":451,"publisher":{"@id":"https:\/\/nucleodisca.cl\/#organization"},"keywords":["Investigaci\u00f3n inclusiva y participativa en discapacidad"],"articleSection":["Scientific Publications"],"inLanguage":"en-US"},{"@type":"WebPage","@id":"https:\/\/nucleodisca.cl\/teatro-y-artivismo-anticapacitista\/","url":"https:\/\/nucleodisca.cl\/teatro-y-artivismo-anticapacitista\/","name":"[:es]Teatro y artivismo anticapacitista[:en]Teatro y artivismo anticapacitista [Theater and anti-peacetic artivism][:] - N\u00facleo Disca","isPartOf":{"@id":"https:\/\/nucleodisca.cl\/#website"},"datePublished":"2023-11-13T14:56:07+00:00","dateModified":"2026-04-20T15:04:23+00:00","breadcrumb":{"@id":"https:\/\/nucleodisca.cl\/teatro-y-artivismo-anticapacitista\/#breadcrumb"},"inLanguage":"en-US","potentialAction":[{"@type":"ReadAction","target":["https:\/\/nucleodisca.cl\/teatro-y-artivismo-anticapacitista\/"]}]},{"@type":"BreadcrumbList","@id":"https:\/\/nucleodisca.cl\/teatro-y-artivismo-anticapacitista\/#breadcrumb","itemListElement":[{"@type":"ListItem","position":1,"name":"Portada","item":"https:\/\/nucleodisca.cl\/"},{"@type":"ListItem","position":2,"name":"Teatro y artivismo anticapacitista"}]},{"@type":"WebSite","@id":"https:\/\/nucleodisca.cl\/#website","url":"https:\/\/nucleodisca.cl\/","name":"N\u00facleo Disca","description":"Disability and citizenship","publisher":{"@id":"https:\/\/nucleodisca.cl\/#organization"},"potentialAction":[{"@type":"SearchAction","target":{"@type":"EntryPoint","urlTemplate":"https:\/\/nucleodisca.cl\/?s={search_term_string}"},"query-input":{"@type":"PropertyValueSpecification","valueRequired":true,"valueName":"search_term_string"}}],"inLanguage":"en-US"},{"@type":"Organization","@id":"https:\/\/nucleodisca.cl\/#organization","name":"N\u00facleo Milenio Disca","url":"https:\/\/nucleodisca.cl\/","logo":{"@type":"ImageObject","inLanguage":"en-US","@id":"https:\/\/nucleodisca.cl\/#\/schema\/logo\/image\/","url":"https:\/\/nucleodisca.cl\/cms\/wp-content\/uploads\/2023\/10\/DISCA-2-NEGRO-COLOR-A.png","contentUrl":"https:\/\/nucleodisca.cl\/cms\/wp-content\/uploads\/2023\/10\/DISCA-2-NEGRO-COLOR-A.png","width":3319,"height":1759,"caption":"N\u00facleo Milenio Disca"},"image":{"@id":"https:\/\/nucleodisca.cl\/#\/schema\/logo\/image\/"},"sameAs":["https:\/\/www.facebook.com\/nucleodisca","https:\/\/x.com\/NucleoDISCA","https:\/\/www.instagram.com\/nucleodisca\/","https:\/\/www.linkedin.com\/in\/andreaocampocea\/"]},{"@type":"Person","@id":"https:\/\/nucleodisca.cl\/#\/schema\/person\/0d5d5ce734125bf4107dd5e3ac72e68d","name":"Comunicaciones N\u00facleo DISCA","image":{"@type":"ImageObject","inLanguage":"en-US","@id":"https:\/\/nucleodisca.cl\/#\/schema\/person\/image\/","url":"https:\/\/secure.gravatar.com\/avatar\/de60239641be037891609bfc9d5937b65c6dbb4447c8d5cad76c0b85bbd7643f?s=96&d=mm&r=g","contentUrl":"https:\/\/secure.gravatar.com\/avatar\/de60239641be037891609bfc9d5937b65c6dbb4447c8d5cad76c0b85bbd7643f?s=96&d=mm&r=g","caption":"Comunicaciones N\u00facleo DISCA"},"url":"https:\/\/nucleodisca.cl\/en\/author\/comunicaciones\/"}]}},"_links":{"self":[{"href":"https:\/\/nucleodisca.cl\/en\/wp-json\/wp\/v2\/posts\/2200","targetHints":{"allow":["GET"]}}],"collection":[{"href":"https:\/\/nucleodisca.cl\/en\/wp-json\/wp\/v2\/posts"}],"about":[{"href":"https:\/\/nucleodisca.cl\/en\/wp-json\/wp\/v2\/types\/post"}],"author":[{"embeddable":true,"href":"https:\/\/nucleodisca.cl\/en\/wp-json\/wp\/v2\/users\/5"}],"replies":[{"embeddable":true,"href":"https:\/\/nucleodisca.cl\/en\/wp-json\/wp\/v2\/comments?post=2200"}],"version-history":[{"count":2,"href":"https:\/\/nucleodisca.cl\/en\/wp-json\/wp\/v2\/posts\/2200\/revisions"}],"predecessor-version":[{"id":2202,"href":"https:\/\/nucleodisca.cl\/en\/wp-json\/wp\/v2\/posts\/2200\/revisions\/2202"}],"wp:attachment":[{"href":"https:\/\/nucleodisca.cl\/en\/wp-json\/wp\/v2\/media?parent=2200"}],"wp:term":[{"taxonomy":"category","embeddable":true,"href":"https:\/\/nucleodisca.cl\/en\/wp-json\/wp\/v2\/categories?post=2200"},{"taxonomy":"post_tag","embeddable":true,"href":"https:\/\/nucleodisca.cl\/en\/wp-json\/wp\/v2\/tags?post=2200"}],"curies":[{"name":"wp","href":"https:\/\/api.w.org\/{rel}","templated":true}]}}