{"id":2204,"date":"2026-02-02T11:26:29","date_gmt":"2026-02-02T15:26:29","guid":{"rendered":"https:\/\/nucleodisca.cl\/?p=2204"},"modified":"2026-04-20T11:44:47","modified_gmt":"2026-04-20T15:44:47","slug":"an-infrastructure-of-embodied-practices-how-disabled-people-become-part-of-public-transport-in-santiago-de-chile-una-infraestructura-de-practicas-encarnadas-como-las-personas-con-discapacidad-pasan","status":"publish","type":"post","link":"https:\/\/nucleodisca.cl\/en\/an-infrastructure-of-embodied-practices-how-disabled-people-become-part-of-public-transport-in-santiago-de-chile-una-infraestructura-de-practicas-encarnadas-como-las-personas-con-discapacidad-pasan\/","title":{"rendered":"An infrastructure of embodied practices: How disabled people become part of public transport in Santiago de Chile"},"content":{"rendered":"<p><strong>Points of interest:<\/strong><\/p>\n<ul>\n<li>The article analyzes the experiences and practices of public transport use by people with disabilities.<\/li>\n<li>The article calls for recognition of invisible efforts, and transport planning to adopt perspectives that value and consider these &#8220;ways of doing&#8221; in their urban design and management practices.<\/li>\n<li>The findings allow to describe transport infrastructures as an assemblage of bodies and materialities, inviting to recognize people with disabilities not only as beneficiaries of transport, but as constituent subjects of it.<\/li>\n<li>The article was based on ethnographic data and multimodal video analysis.<\/li>\n<li>Multiple ways in which the bodily practices of persons with disabilities are part and support the functioning of public transport in Santiago are examined.<\/li>\n<\/ul>\n<p><strong>Notes:<\/strong><\/p>\n<ul>\n<li>The following summary was made by N\u00facleo Milenio DISCA, and was based exclusively on the publication. Therefore, it cannot be used for citations and references.<\/li>\n<li>This article was originally published in English.<\/li>\n<\/ul>\n<p><\/p>","protected":false},"excerpt":{"rendered":"<p>Points of interest: The article analyzes the experiences and practices of public transport use by people with disabilities. The article calls for recognition of invisible efforts, and transport planning to adopt perspectives that value and consider these &#8220;ways of doing&#8221; in their urban design and management practices. The findings allow to describe transport infrastructures as [&hellip;]<\/p>\n","protected":false},"author":5,"featured_media":0,"comment_status":"closed","ping_status":"closed","sticky":false,"template":"","format":"standard","meta":{"_acf_changed":false,"footnotes":""},"categories":[16],"tags":[35],"class_list":["post-2204","post","type-post","status-publish","format-standard","hentry","category-publications","tag-investigacion-inclusiva"],"acf":[],"yoast_head":"<!-- This site is optimized with the Yoast SEO plugin v25.6 - https:\/\/yoast.com\/wordpress\/plugins\/seo\/ -->\n<title>An infrastructure of embodied practices: How disabled people become part of public transport in Santiago de Chile - N\u00facleo Disca<\/title>\n<meta name=\"robots\" content=\"index, follow, max-snippet:-1, max-image-preview:large, max-video-preview:-1\" \/>\n<link rel=\"canonical\" href=\"https:\/\/nucleodisca.cl\/an-infrastructure-of-embodied-practices-how-disabled-people-become-part-of-public-transport-in-santiago-de-chile-una-infraestructura-de-practicas-encarnadas-como-las-personas-con-discapacidad-pasan\/\" \/>\n<meta property=\"og:locale\" content=\"en_US\" \/>\n<meta property=\"og:type\" content=\"article\" \/>\n<meta property=\"og:title\" content=\"[:es]An infrastructure of embodied practices: How disabled people become part of public transport in Santiago de Chile [Una infraestructura de pr\u00e1cticas encarnadas: c\u00f3mo las personas con discapacidad pasan a formar parte del transporte p\u00fablico en Santiago de Chile][:en]An infrastructure of embodied practices: How disabled people become part of public transport in Santiago de Chile[:] - N\u00facleo Disca\" \/>\n<meta property=\"og:description\" content=\"Points of interest: The article analyzes the experiences and practices of public transport use by people with disabilities. The article calls for recognition of invisible efforts, and transport planning to adopt perspectives that value and consider these &#8220;ways of doing&#8221; in their urban design and management practices. The findings allow to describe transport infrastructures as [&hellip;]\" \/>\n<meta property=\"og:url\" content=\"https:\/\/nucleodisca.cl\/an-infrastructure-of-embodied-practices-how-disabled-people-become-part-of-public-transport-in-santiago-de-chile-una-infraestructura-de-practicas-encarnadas-como-las-personas-con-discapacidad-pasan\/\" \/>\n<meta property=\"og:site_name\" content=\"N\u00facleo Disca\" \/>\n<meta property=\"article:publisher\" content=\"https:\/\/www.facebook.com\/nucleodisca\" \/>\n<meta property=\"article:published_time\" content=\"2026-02-02T15:26:29+00:00\" \/>\n<meta property=\"article:modified_time\" content=\"2026-04-20T15:44:47+00:00\" \/>\n<meta name=\"author\" content=\"Comunicaciones N\u00facleo DISCA\" \/>\n<meta name=\"twitter:card\" content=\"summary_large_image\" \/>\n<meta name=\"twitter:creator\" content=\"@NucleoDISCA\" \/>\n<meta name=\"twitter:site\" content=\"@NucleoDISCA\" \/>\n<meta name=\"twitter:label1\" content=\"Written by\" \/>\n\t<meta name=\"twitter:data1\" content=\"Comunicaciones N\u00facleo DISCA\" \/>\n\t<meta name=\"twitter:label2\" content=\"Est. reading time\" \/>\n\t<meta name=\"twitter:data2\" content=\"1 minute\" \/>\n<script type=\"application\/ld+json\" class=\"yoast-schema-graph\">{\"@context\":\"https:\/\/schema.org\",\"@graph\":[{\"@type\":\"Article\",\"@id\":\"https:\/\/nucleodisca.cl\/an-infrastructure-of-embodied-practices-how-disabled-people-become-part-of-public-transport-in-santiago-de-chile-una-infraestructura-de-practicas-encarnadas-como-las-personas-con-discapacidad-pasan\/#article\",\"isPartOf\":{\"@id\":\"https:\/\/nucleodisca.cl\/an-infrastructure-of-embodied-practices-how-disabled-people-become-part-of-public-transport-in-santiago-de-chile-una-infraestructura-de-practicas-encarnadas-como-las-personas-con-discapacidad-pasan\/\"},\"author\":{\"name\":\"Comunicaciones N\u00facleo DISCA\",\"@id\":\"https:\/\/nucleodisca.cl\/#\/schema\/person\/0d5d5ce734125bf4107dd5e3ac72e68d\"},\"headline\":\"An infrastructure of embodied practices: How disabled people become part of public transport in Santiago de Chile\",\"datePublished\":\"2026-02-02T15:26:29+00:00\",\"dateModified\":\"2026-04-20T15:44:47+00:00\",\"mainEntityOfPage\":{\"@id\":\"https:\/\/nucleodisca.cl\/an-infrastructure-of-embodied-practices-how-disabled-people-become-part-of-public-transport-in-santiago-de-chile-una-infraestructura-de-practicas-encarnadas-como-las-personas-con-discapacidad-pasan\/\"},\"wordCount\":395,\"publisher\":{\"@id\":\"https:\/\/nucleodisca.cl\/#organization\"},\"keywords\":[\"Investigaci\u00f3n inclusiva y participativa en discapacidad\"],\"articleSection\":[\"Scientific Publications\"],\"inLanguage\":\"en-US\"},{\"@type\":\"WebPage\",\"@id\":\"https:\/\/nucleodisca.cl\/an-infrastructure-of-embodied-practices-how-disabled-people-become-part-of-public-transport-in-santiago-de-chile-una-infraestructura-de-practicas-encarnadas-como-las-personas-con-discapacidad-pasan\/\",\"url\":\"https:\/\/nucleodisca.cl\/an-infrastructure-of-embodied-practices-how-disabled-people-become-part-of-public-transport-in-santiago-de-chile-una-infraestructura-de-practicas-encarnadas-como-las-personas-con-discapacidad-pasan\/\",\"name\":\"[:es]An infrastructure of embodied practices: How disabled people become part of public transport in Santiago de Chile [Una infraestructura de pr\u00e1cticas encarnadas: c\u00f3mo las personas con discapacidad pasan a formar parte del transporte p\u00fablico en Santiago de Chile][:en]An infrastructure of embodied practices: How disabled people become part of public transport in Santiago de Chile[:] - N\u00facleo Disca\",\"isPartOf\":{\"@id\":\"https:\/\/nucleodisca.cl\/#website\"},\"datePublished\":\"2026-02-02T15:26:29+00:00\",\"dateModified\":\"2026-04-20T15:44:47+00:00\",\"breadcrumb\":{\"@id\":\"https:\/\/nucleodisca.cl\/an-infrastructure-of-embodied-practices-how-disabled-people-become-part-of-public-transport-in-santiago-de-chile-una-infraestructura-de-practicas-encarnadas-como-las-personas-con-discapacidad-pasan\/#breadcrumb\"},\"inLanguage\":\"en-US\",\"potentialAction\":[{\"@type\":\"ReadAction\",\"target\":[\"https:\/\/nucleodisca.cl\/an-infrastructure-of-embodied-practices-how-disabled-people-become-part-of-public-transport-in-santiago-de-chile-una-infraestructura-de-practicas-encarnadas-como-las-personas-con-discapacidad-pasan\/\"]}]},{\"@type\":\"BreadcrumbList\",\"@id\":\"https:\/\/nucleodisca.cl\/an-infrastructure-of-embodied-practices-how-disabled-people-become-part-of-public-transport-in-santiago-de-chile-una-infraestructura-de-practicas-encarnadas-como-las-personas-con-discapacidad-pasan\/#breadcrumb\",\"itemListElement\":[{\"@type\":\"ListItem\",\"position\":1,\"name\":\"Portada\",\"item\":\"https:\/\/nucleodisca.cl\/\"},{\"@type\":\"ListItem\",\"position\":2,\"name\":\"An infrastructure of embodied practices: How disabled people become part of public transport in Santiago de Chile [Una infraestructura de pr\u00e1cticas encarnadas: c\u00f3mo las personas con discapacidad pasan a formar parte del transporte p\u00fablico en Santiago de Chile]\"}]},{\"@type\":\"WebSite\",\"@id\":\"https:\/\/nucleodisca.cl\/#website\",\"url\":\"https:\/\/nucleodisca.cl\/\",\"name\":\"N\u00facleo Disca\",\"description\":\"Disability and citizenship\",\"publisher\":{\"@id\":\"https:\/\/nucleodisca.cl\/#organization\"},\"potentialAction\":[{\"@type\":\"SearchAction\",\"target\":{\"@type\":\"EntryPoint\",\"urlTemplate\":\"https:\/\/nucleodisca.cl\/?s={search_term_string}\"},\"query-input\":{\"@type\":\"PropertyValueSpecification\",\"valueRequired\":true,\"valueName\":\"search_term_string\"}}],\"inLanguage\":\"en-US\"},{\"@type\":\"Organization\",\"@id\":\"https:\/\/nucleodisca.cl\/#organization\",\"name\":\"N\u00facleo Milenio Disca\",\"url\":\"https:\/\/nucleodisca.cl\/\",\"logo\":{\"@type\":\"ImageObject\",\"inLanguage\":\"en-US\",\"@id\":\"https:\/\/nucleodisca.cl\/#\/schema\/logo\/image\/\",\"url\":\"https:\/\/nucleodisca.cl\/cms\/wp-content\/uploads\/2023\/10\/DISCA-2-NEGRO-COLOR-A.png\",\"contentUrl\":\"https:\/\/nucleodisca.cl\/cms\/wp-content\/uploads\/2023\/10\/DISCA-2-NEGRO-COLOR-A.png\",\"width\":3319,\"height\":1759,\"caption\":\"N\u00facleo Milenio Disca\"},\"image\":{\"@id\":\"https:\/\/nucleodisca.cl\/#\/schema\/logo\/image\/\"},\"sameAs\":[\"https:\/\/www.facebook.com\/nucleodisca\",\"https:\/\/x.com\/NucleoDISCA\",\"https:\/\/www.instagram.com\/nucleodisca\/\",\"https:\/\/www.linkedin.com\/in\/andreaocampocea\/\"]},{\"@type\":\"Person\",\"@id\":\"https:\/\/nucleodisca.cl\/#\/schema\/person\/0d5d5ce734125bf4107dd5e3ac72e68d\",\"name\":\"Comunicaciones N\u00facleo DISCA\",\"image\":{\"@type\":\"ImageObject\",\"inLanguage\":\"en-US\",\"@id\":\"https:\/\/nucleodisca.cl\/#\/schema\/person\/image\/\",\"url\":\"https:\/\/secure.gravatar.com\/avatar\/de60239641be037891609bfc9d5937b65c6dbb4447c8d5cad76c0b85bbd7643f?s=96&d=mm&r=g\",\"contentUrl\":\"https:\/\/secure.gravatar.com\/avatar\/de60239641be037891609bfc9d5937b65c6dbb4447c8d5cad76c0b85bbd7643f?s=96&d=mm&r=g\",\"caption\":\"Comunicaciones N\u00facleo DISCA\"},\"url\":\"https:\/\/nucleodisca.cl\/en\/author\/comunicaciones\/\"}]}<\/script>\n<!-- \/ Yoast SEO plugin. -->","yoast_head_json":{"title":"[:es]An infrastructure of embodied practices: How disabled people become part of public transport in Santiago de Chile [Una infraestructura de pr\u00e1cticas encarnadas: c\u00f3mo las personas con discapacidad pasan a formar parte del transporte p\u00fablico en Santiago de Chile][:en]An infrastructure of embodied practices: How disabled people become part of public transport in Santiago de Chile[:] - N\u00facleo Disca","robots":{"index":"index","follow":"follow","max-snippet":"max-snippet:-1","max-image-preview":"max-image-preview:large","max-video-preview":"max-video-preview:-1"},"canonical":"https:\/\/nucleodisca.cl\/an-infrastructure-of-embodied-practices-how-disabled-people-become-part-of-public-transport-in-santiago-de-chile-una-infraestructura-de-practicas-encarnadas-como-las-personas-con-discapacidad-pasan\/","og_locale":"en_US","og_type":"article","og_title":"[:es]An infrastructure of embodied practices: How disabled people become part of public transport in Santiago de Chile [Una infraestructura de pr\u00e1cticas encarnadas: c\u00f3mo las personas con discapacidad pasan a formar parte del transporte p\u00fablico en Santiago de Chile][:en]An infrastructure of embodied practices: How disabled people become part of public transport in Santiago de Chile[:] - N\u00facleo Disca","og_description":"Points of interest: The article analyzes the experiences and practices of public transport use by people with disabilities. The article calls for recognition of invisible efforts, and transport planning to adopt perspectives that value and consider these &#8220;ways of doing&#8221; in their urban design and management practices. The findings allow to describe transport infrastructures as [&hellip;]","og_url":"https:\/\/nucleodisca.cl\/an-infrastructure-of-embodied-practices-how-disabled-people-become-part-of-public-transport-in-santiago-de-chile-una-infraestructura-de-practicas-encarnadas-como-las-personas-con-discapacidad-pasan\/","og_site_name":"N\u00facleo Disca","article_publisher":"https:\/\/www.facebook.com\/nucleodisca","article_published_time":"2026-02-02T15:26:29+00:00","article_modified_time":"2026-04-20T15:44:47+00:00","author":"Comunicaciones N\u00facleo DISCA","twitter_card":"summary_large_image","twitter_creator":"@NucleoDISCA","twitter_site":"@NucleoDISCA","twitter_misc":{"Written by":"Comunicaciones N\u00facleo DISCA","Est. reading time":"1 minute"},"schema":{"@context":"https:\/\/schema.org","@graph":[{"@type":"Article","@id":"https:\/\/nucleodisca.cl\/an-infrastructure-of-embodied-practices-how-disabled-people-become-part-of-public-transport-in-santiago-de-chile-una-infraestructura-de-practicas-encarnadas-como-las-personas-con-discapacidad-pasan\/#article","isPartOf":{"@id":"https:\/\/nucleodisca.cl\/an-infrastructure-of-embodied-practices-how-disabled-people-become-part-of-public-transport-in-santiago-de-chile-una-infraestructura-de-practicas-encarnadas-como-las-personas-con-discapacidad-pasan\/"},"author":{"name":"Comunicaciones N\u00facleo DISCA","@id":"https:\/\/nucleodisca.cl\/#\/schema\/person\/0d5d5ce734125bf4107dd5e3ac72e68d"},"headline":"An infrastructure of embodied practices: How disabled people become part of public transport in Santiago de Chile","datePublished":"2026-02-02T15:26:29+00:00","dateModified":"2026-04-20T15:44:47+00:00","mainEntityOfPage":{"@id":"https:\/\/nucleodisca.cl\/an-infrastructure-of-embodied-practices-how-disabled-people-become-part-of-public-transport-in-santiago-de-chile-una-infraestructura-de-practicas-encarnadas-como-las-personas-con-discapacidad-pasan\/"},"wordCount":395,"publisher":{"@id":"https:\/\/nucleodisca.cl\/#organization"},"keywords":["Investigaci\u00f3n inclusiva y participativa en discapacidad"],"articleSection":["Scientific Publications"],"inLanguage":"en-US"},{"@type":"WebPage","@id":"https:\/\/nucleodisca.cl\/an-infrastructure-of-embodied-practices-how-disabled-people-become-part-of-public-transport-in-santiago-de-chile-una-infraestructura-de-practicas-encarnadas-como-las-personas-con-discapacidad-pasan\/","url":"https:\/\/nucleodisca.cl\/an-infrastructure-of-embodied-practices-how-disabled-people-become-part-of-public-transport-in-santiago-de-chile-una-infraestructura-de-practicas-encarnadas-como-las-personas-con-discapacidad-pasan\/","name":"[:es]An infrastructure of embodied practices: How disabled people become part of public transport in Santiago de Chile [Una infraestructura de pr\u00e1cticas encarnadas: c\u00f3mo las personas con discapacidad pasan a formar parte del transporte p\u00fablico en Santiago de Chile][:en]An infrastructure of embodied practices: How disabled people become part of public transport in Santiago de Chile[:] - N\u00facleo Disca","isPartOf":{"@id":"https:\/\/nucleodisca.cl\/#website"},"datePublished":"2026-02-02T15:26:29+00:00","dateModified":"2026-04-20T15:44:47+00:00","breadcrumb":{"@id":"https:\/\/nucleodisca.cl\/an-infrastructure-of-embodied-practices-how-disabled-people-become-part-of-public-transport-in-santiago-de-chile-una-infraestructura-de-practicas-encarnadas-como-las-personas-con-discapacidad-pasan\/#breadcrumb"},"inLanguage":"en-US","potentialAction":[{"@type":"ReadAction","target":["https:\/\/nucleodisca.cl\/an-infrastructure-of-embodied-practices-how-disabled-people-become-part-of-public-transport-in-santiago-de-chile-una-infraestructura-de-practicas-encarnadas-como-las-personas-con-discapacidad-pasan\/"]}]},{"@type":"BreadcrumbList","@id":"https:\/\/nucleodisca.cl\/an-infrastructure-of-embodied-practices-how-disabled-people-become-part-of-public-transport-in-santiago-de-chile-una-infraestructura-de-practicas-encarnadas-como-las-personas-con-discapacidad-pasan\/#breadcrumb","itemListElement":[{"@type":"ListItem","position":1,"name":"Portada","item":"https:\/\/nucleodisca.cl\/"},{"@type":"ListItem","position":2,"name":"An infrastructure of embodied practices: How disabled people become part of public transport in Santiago de Chile [Una infraestructura de pr\u00e1cticas encarnadas: c\u00f3mo las personas con discapacidad pasan a formar parte del transporte p\u00fablico en Santiago de Chile]"}]},{"@type":"WebSite","@id":"https:\/\/nucleodisca.cl\/#website","url":"https:\/\/nucleodisca.cl\/","name":"N\u00facleo Disca","description":"Disability and citizenship","publisher":{"@id":"https:\/\/nucleodisca.cl\/#organization"},"potentialAction":[{"@type":"SearchAction","target":{"@type":"EntryPoint","urlTemplate":"https:\/\/nucleodisca.cl\/?s={search_term_string}"},"query-input":{"@type":"PropertyValueSpecification","valueRequired":true,"valueName":"search_term_string"}}],"inLanguage":"en-US"},{"@type":"Organization","@id":"https:\/\/nucleodisca.cl\/#organization","name":"N\u00facleo Milenio Disca","url":"https:\/\/nucleodisca.cl\/","logo":{"@type":"ImageObject","inLanguage":"en-US","@id":"https:\/\/nucleodisca.cl\/#\/schema\/logo\/image\/","url":"https:\/\/nucleodisca.cl\/cms\/wp-content\/uploads\/2023\/10\/DISCA-2-NEGRO-COLOR-A.png","contentUrl":"https:\/\/nucleodisca.cl\/cms\/wp-content\/uploads\/2023\/10\/DISCA-2-NEGRO-COLOR-A.png","width":3319,"height":1759,"caption":"N\u00facleo Milenio Disca"},"image":{"@id":"https:\/\/nucleodisca.cl\/#\/schema\/logo\/image\/"},"sameAs":["https:\/\/www.facebook.com\/nucleodisca","https:\/\/x.com\/NucleoDISCA","https:\/\/www.instagram.com\/nucleodisca\/","https:\/\/www.linkedin.com\/in\/andreaocampocea\/"]},{"@type":"Person","@id":"https:\/\/nucleodisca.cl\/#\/schema\/person\/0d5d5ce734125bf4107dd5e3ac72e68d","name":"Comunicaciones N\u00facleo DISCA","image":{"@type":"ImageObject","inLanguage":"en-US","@id":"https:\/\/nucleodisca.cl\/#\/schema\/person\/image\/","url":"https:\/\/secure.gravatar.com\/avatar\/de60239641be037891609bfc9d5937b65c6dbb4447c8d5cad76c0b85bbd7643f?s=96&d=mm&r=g","contentUrl":"https:\/\/secure.gravatar.com\/avatar\/de60239641be037891609bfc9d5937b65c6dbb4447c8d5cad76c0b85bbd7643f?s=96&d=mm&r=g","caption":"Comunicaciones N\u00facleo DISCA"},"url":"https:\/\/nucleodisca.cl\/en\/author\/comunicaciones\/"}]}},"_links":{"self":[{"href":"https:\/\/nucleodisca.cl\/en\/wp-json\/wp\/v2\/posts\/2204","targetHints":{"allow":["GET"]}}],"collection":[{"href":"https:\/\/nucleodisca.cl\/en\/wp-json\/wp\/v2\/posts"}],"about":[{"href":"https:\/\/nucleodisca.cl\/en\/wp-json\/wp\/v2\/types\/post"}],"author":[{"embeddable":true,"href":"https:\/\/nucleodisca.cl\/en\/wp-json\/wp\/v2\/users\/5"}],"replies":[{"embeddable":true,"href":"https:\/\/nucleodisca.cl\/en\/wp-json\/wp\/v2\/comments?post=2204"}],"version-history":[{"count":1,"href":"https:\/\/nucleodisca.cl\/en\/wp-json\/wp\/v2\/posts\/2204\/revisions"}],"predecessor-version":[{"id":2205,"href":"https:\/\/nucleodisca.cl\/en\/wp-json\/wp\/v2\/posts\/2204\/revisions\/2205"}],"wp:attachment":[{"href":"https:\/\/nucleodisca.cl\/en\/wp-json\/wp\/v2\/media?parent=2204"}],"wp:term":[{"taxonomy":"category","embeddable":true,"href":"https:\/\/nucleodisca.cl\/en\/wp-json\/wp\/v2\/categories?post=2204"},{"taxonomy":"post_tag","embeddable":true,"href":"https:\/\/nucleodisca.cl\/en\/wp-json\/wp\/v2\/tags?post=2204"}],"curies":[{"name":"wp","href":"https:\/\/api.w.org\/{rel}","templated":true}]}}