{"id":404,"date":"2023-05-03T22:00:44","date_gmt":"2023-05-04T01:00:44","guid":{"rendered":"https:\/\/nucleodisca.cl\/?p=404"},"modified":"2023-11-07T12:48:12","modified_gmt":"2023-11-07T15:48:12","slug":"conversatorio-con-activistas-agendas-y-luchas-de-la-discapacidad-en-chile","status":"publish","type":"post","link":"https:\/\/nucleodisca.cl\/en\/conversatorio-con-activistas-agendas-y-luchas-de-la-discapacidad-en-chile\/","title":{"rendered":"Conversation with Activists: Agendas and struggles of disability in Chile"},"content":{"rendered":"<p>The Millennium Nucleus DISCA developed the first Conversation with Activists, called &#8220;Agendas and struggles of disability in Chile&#8221;, a space to learn about the experiences of prominent people with disabilities.<\/p>\n<p>On this occasion, the discussion had as protagonists:<\/p>\n<ul>\n<li><strong>Olga Balboa<\/strong> is president of the Communal Association of and for People with Disabilities of Concepci\u00f3n and leader of the Regional Association &#8220;Defense of Disability &#8216; del Biob\u00edo.<\/li>\n<li><strong>Jaime Ramirez<\/strong> is president of the National Collective for Disability (Conadis) and part of the Council of Experts by Experience of the Millennium Nucleus DISCA. He is also a professor at the Universidad de Chile and Universidad Alberto Hurtado and facilitator for Chile of Flacso&#8217;s working group on critical disability studies.<\/li>\n<li><strong>Jimena Luna<\/strong> is founder and executive director of Fundaci\u00f3n Vida Independiente Chile. She holds a degree in industrial civil engineering, mention in computer science, from the Universidad de la Frontera (UFRO) and currently works as project coordinator at CEDETI UC and CIAPAT Chile.<\/li>\n<li><strong>C\u00e9sar Rodr\u00edguez<\/strong> is president of the Vitachi Foundation, national advisor of Senadis and treasurer of the National Federation of Organizations of and for Disability (Fedich). He is also a prominent disability activist, nominated four times for the National Human Rights Award given by the National Institute of Human Rights (INDH) and was general coordinator of the 2019 International Day of Persons with Disabilities march.<\/li>\n<\/ul>\n<p>The discussion was moderated by <strong>Juan Pino,<\/strong> principal investigator of the DISCA Millennium Nucleus and academic at the Universidad de O&#8217;Higgins.<\/p>\n<p>The activity was held on Thursday, May 11, 2023, at 6:00 p.m., through Zoom and is available at https:\/\/youtu.be\/FvCll9XZgic.<\/p>\n<p>A sign language interpreter and simultaneous subtitling are available.<\/p>","protected":false},"excerpt":{"rendered":"<p>The Millennium Nucleus DISCA developed the first Conversation with Activists, called &#8220;Agendas and struggles of disability in Chile&#8221;, a space to learn about the experiences of prominent people with disabilities. On this occasion, the discussion had as protagonists: Olga Balboa is president of the Communal Association of and for People with Disabilities of Concepci\u00f3n and [&hellip;]<\/p>\n","protected":false},"author":4,"featured_media":411,"comment_status":"open","ping_status":"open","sticky":false,"template":"","format":"standard","meta":{"_acf_changed":false,"footnotes":""},"categories":[5],"tags":[26,4],"class_list":["post-404","post","type-post","status-publish","format-standard","has-post-thumbnail","hentry","category-agenda","tag-activismo","tag-discapacidad"],"acf":[],"yoast_head":"<!-- This site is optimized with the Yoast SEO plugin v25.6 - https:\/\/yoast.com\/wordpress\/plugins\/seo\/ -->\n<title>Conversation with Activists: Agendas and struggles of disability in Chile - N\u00facleo Disca<\/title>\n<meta name=\"robots\" content=\"index, follow, max-snippet:-1, max-image-preview:large, max-video-preview:-1\" \/>\n<link rel=\"canonical\" href=\"https:\/\/nucleodisca.cl\/conversatorio-con-activistas-agendas-y-luchas-de-la-discapacidad-en-chile\/\" \/>\n<meta property=\"og:locale\" content=\"en_US\" \/>\n<meta property=\"og:type\" content=\"article\" \/>\n<meta property=\"og:title\" content=\"[:es]Conversatorio con Activistas: Agendas y luchas de la discapacidad en Chile[:en]Conversation with Activists: Agendas and struggles of disability in Chile[:] - N\u00facleo Disca\" \/>\n<meta property=\"og:description\" content=\"The Millennium Nucleus DISCA developed the first Conversation with Activists, called &#8220;Agendas and struggles of disability in Chile&#8221;, a space to learn about the experiences of prominent people with disabilities. On this occasion, the discussion had as protagonists: Olga Balboa is president of the Communal Association of and for People with Disabilities of Concepci\u00f3n and [&hellip;]\" \/>\n<meta property=\"og:url\" content=\"https:\/\/nucleodisca.cl\/conversatorio-con-activistas-agendas-y-luchas-de-la-discapacidad-en-chile\/\" \/>\n<meta property=\"og:site_name\" content=\"N\u00facleo Disca\" \/>\n<meta property=\"article:publisher\" content=\"https:\/\/www.facebook.com\/nucleodisca\" \/>\n<meta property=\"article:published_time\" content=\"2023-05-04T01:00:44+00:00\" \/>\n<meta property=\"article:modified_time\" content=\"2023-11-07T15:48:12+00:00\" \/>\n<meta property=\"og:image\" content=\"https:\/\/nucleodisca.cl\/cms\/wp-content\/uploads\/2023\/05\/Conversatorio-Activistas-DISCA-1.png\" \/>\n\t<meta property=\"og:image:width\" content=\"1080\" \/>\n\t<meta property=\"og:image:height\" content=\"1080\" \/>\n\t<meta property=\"og:image:type\" content=\"image\/png\" \/>\n<meta name=\"author\" content=\"Andrea Medina\" \/>\n<meta name=\"twitter:card\" content=\"summary_large_image\" \/>\n<meta name=\"twitter:creator\" content=\"@NucleoDISCA\" \/>\n<meta name=\"twitter:site\" content=\"@NucleoDISCA\" \/>\n<meta name=\"twitter:label1\" content=\"Written by\" \/>\n\t<meta name=\"twitter:data1\" content=\"Andrea Medina\" \/>\n\t<meta name=\"twitter:label2\" content=\"Est. reading time\" \/>\n\t<meta name=\"twitter:data2\" content=\"2 minutes\" \/>\n<script type=\"application\/ld+json\" class=\"yoast-schema-graph\">{\"@context\":\"https:\/\/schema.org\",\"@graph\":[{\"@type\":\"Article\",\"@id\":\"https:\/\/nucleodisca.cl\/conversatorio-con-activistas-agendas-y-luchas-de-la-discapacidad-en-chile\/#article\",\"isPartOf\":{\"@id\":\"https:\/\/nucleodisca.cl\/conversatorio-con-activistas-agendas-y-luchas-de-la-discapacidad-en-chile\/\"},\"author\":{\"name\":\"Andrea Medina\",\"@id\":\"https:\/\/nucleodisca.cl\/#\/schema\/person\/b42edcb08ececf3308d983810217cba1\"},\"headline\":\"Conversation with Activists: Agendas and struggles of disability in Chile\",\"datePublished\":\"2023-05-04T01:00:44+00:00\",\"dateModified\":\"2023-11-07T15:48:12+00:00\",\"mainEntityOfPage\":{\"@id\":\"https:\/\/nucleodisca.cl\/conversatorio-con-activistas-agendas-y-luchas-de-la-discapacidad-en-chile\/\"},\"wordCount\":616,\"commentCount\":0,\"publisher\":{\"@id\":\"https:\/\/nucleodisca.cl\/#organization\"},\"image\":{\"@id\":\"https:\/\/nucleodisca.cl\/conversatorio-con-activistas-agendas-y-luchas-de-la-discapacidad-en-chile\/#primaryimage\"},\"thumbnailUrl\":\"https:\/\/nucleodisca.cl\/cms\/wp-content\/uploads\/2023\/05\/Conversatorio-Activistas-DISCA-1.png\",\"keywords\":[\"Activismo\",\"Discapacidad\"],\"articleSection\":[\"Agenda\"],\"inLanguage\":\"en-US\",\"potentialAction\":[{\"@type\":\"CommentAction\",\"name\":\"Comment\",\"target\":[\"https:\/\/nucleodisca.cl\/conversatorio-con-activistas-agendas-y-luchas-de-la-discapacidad-en-chile\/#respond\"]}]},{\"@type\":\"WebPage\",\"@id\":\"https:\/\/nucleodisca.cl\/conversatorio-con-activistas-agendas-y-luchas-de-la-discapacidad-en-chile\/\",\"url\":\"https:\/\/nucleodisca.cl\/conversatorio-con-activistas-agendas-y-luchas-de-la-discapacidad-en-chile\/\",\"name\":\"[:es]Conversatorio con Activistas: Agendas y luchas de la discapacidad en Chile[:en]Conversation with Activists: Agendas and struggles of disability in Chile[:] - N\u00facleo Disca\",\"isPartOf\":{\"@id\":\"https:\/\/nucleodisca.cl\/#website\"},\"primaryImageOfPage\":{\"@id\":\"https:\/\/nucleodisca.cl\/conversatorio-con-activistas-agendas-y-luchas-de-la-discapacidad-en-chile\/#primaryimage\"},\"image\":{\"@id\":\"https:\/\/nucleodisca.cl\/conversatorio-con-activistas-agendas-y-luchas-de-la-discapacidad-en-chile\/#primaryimage\"},\"thumbnailUrl\":\"https:\/\/nucleodisca.cl\/cms\/wp-content\/uploads\/2023\/05\/Conversatorio-Activistas-DISCA-1.png\",\"datePublished\":\"2023-05-04T01:00:44+00:00\",\"dateModified\":\"2023-11-07T15:48:12+00:00\",\"breadcrumb\":{\"@id\":\"https:\/\/nucleodisca.cl\/conversatorio-con-activistas-agendas-y-luchas-de-la-discapacidad-en-chile\/#breadcrumb\"},\"inLanguage\":\"en-US\",\"potentialAction\":[{\"@type\":\"ReadAction\",\"target\":[\"https:\/\/nucleodisca.cl\/conversatorio-con-activistas-agendas-y-luchas-de-la-discapacidad-en-chile\/\"]}]},{\"@type\":\"ImageObject\",\"inLanguage\":\"en-US\",\"@id\":\"https:\/\/nucleodisca.cl\/conversatorio-con-activistas-agendas-y-luchas-de-la-discapacidad-en-chile\/#primaryimage\",\"url\":\"https:\/\/nucleodisca.cl\/cms\/wp-content\/uploads\/2023\/05\/Conversatorio-Activistas-DISCA-1.png\",\"contentUrl\":\"https:\/\/nucleodisca.cl\/cms\/wp-content\/uploads\/2023\/05\/Conversatorio-Activistas-DISCA-1.png\",\"width\":1080,\"height\":1080,\"caption\":\"Afiche de Conversatorio con Activistas \u201cAgendas y Luchas de la Discapacidad en Chile\u201d. Sobre fondo amarillo dice: Participan: Olga Balboa, Presidenta de la Asociaci\u00f3n Comunal de y para Personas con Discapacidad de Concepci\u00f3n. Jimena Luna, Fundadora y Directora Ejecutiva de la Fundaci\u00f3n Vida Independiente Chile. Jaime Ram\u00edrez, Presidente de Conadis y Experto por Experiencia del N\u00facleo Milenio DISCA. C\u00e9sar Rodr\u00edguez, Presidente de la Fundaci\u00f3n Vitachi y Consejero Nacional de Senadis. Cada uno de los nombres se acompa\u00f1a por la fotograf\u00eda de la persona. Modera: Juan Pino, investigador principal de DISCA y acad\u00e9mico de la Universidad de O'Higgins. Jueves 11 de mayo, 18:00 horas. Actividad gratuita en l\u00ednea, previa inscripci\u00f3n. Contar\u00e1 con int\u00e9rprete de lengua de se\u00f1as. www.nucleodisca.cl. En la parte superior est\u00e1n los logos del N\u00facleo Milenio DISCA y ANID. En la parte inferior hay varias letras i con diversos formatos y colores.\"},{\"@type\":\"BreadcrumbList\",\"@id\":\"https:\/\/nucleodisca.cl\/conversatorio-con-activistas-agendas-y-luchas-de-la-discapacidad-en-chile\/#breadcrumb\",\"itemListElement\":[{\"@type\":\"ListItem\",\"position\":1,\"name\":\"Portada\",\"item\":\"https:\/\/nucleodisca.cl\/\"},{\"@type\":\"ListItem\",\"position\":2,\"name\":\"Conversatorio con Activistas: Agendas y luchas de la discapacidad en Chile\"}]},{\"@type\":\"WebSite\",\"@id\":\"https:\/\/nucleodisca.cl\/#website\",\"url\":\"https:\/\/nucleodisca.cl\/\",\"name\":\"N\u00facleo Disca\",\"description\":\"Disability and citizenship\",\"publisher\":{\"@id\":\"https:\/\/nucleodisca.cl\/#organization\"},\"potentialAction\":[{\"@type\":\"SearchAction\",\"target\":{\"@type\":\"EntryPoint\",\"urlTemplate\":\"https:\/\/nucleodisca.cl\/?s={search_term_string}\"},\"query-input\":{\"@type\":\"PropertyValueSpecification\",\"valueRequired\":true,\"valueName\":\"search_term_string\"}}],\"inLanguage\":\"en-US\"},{\"@type\":\"Organization\",\"@id\":\"https:\/\/nucleodisca.cl\/#organization\",\"name\":\"N\u00facleo Milenio Disca\",\"url\":\"https:\/\/nucleodisca.cl\/\",\"logo\":{\"@type\":\"ImageObject\",\"inLanguage\":\"en-US\",\"@id\":\"https:\/\/nucleodisca.cl\/#\/schema\/logo\/image\/\",\"url\":\"https:\/\/nucleodisca.cl\/cms\/wp-content\/uploads\/2023\/10\/DISCA-2-NEGRO-COLOR-A.png\",\"contentUrl\":\"https:\/\/nucleodisca.cl\/cms\/wp-content\/uploads\/2023\/10\/DISCA-2-NEGRO-COLOR-A.png\",\"width\":3319,\"height\":1759,\"caption\":\"N\u00facleo Milenio Disca\"},\"image\":{\"@id\":\"https:\/\/nucleodisca.cl\/#\/schema\/logo\/image\/\"},\"sameAs\":[\"https:\/\/www.facebook.com\/nucleodisca\",\"https:\/\/x.com\/NucleoDISCA\",\"https:\/\/www.instagram.com\/nucleodisca\/\",\"https:\/\/www.linkedin.com\/in\/andreaocampocea\/\"]},{\"@type\":\"Person\",\"@id\":\"https:\/\/nucleodisca.cl\/#\/schema\/person\/b42edcb08ececf3308d983810217cba1\",\"name\":\"Andrea Medina\",\"image\":{\"@type\":\"ImageObject\",\"inLanguage\":\"en-US\",\"@id\":\"https:\/\/nucleodisca.cl\/#\/schema\/person\/image\/\",\"url\":\"https:\/\/secure.gravatar.com\/avatar\/86472d0fda5788ab63efd50af58d8bf28314af02056a12b425db9d2208d3bd1c?s=96&d=mm&r=g\",\"contentUrl\":\"https:\/\/secure.gravatar.com\/avatar\/86472d0fda5788ab63efd50af58d8bf28314af02056a12b425db9d2208d3bd1c?s=96&d=mm&r=g\",\"caption\":\"Andrea Medina\"},\"url\":\"https:\/\/nucleodisca.cl\/en\/author\/andrea-medina\/\"}]}<\/script>\n<!-- \/ Yoast SEO plugin. -->","yoast_head_json":{"title":"[:es]Conversatorio con Activistas: Agendas y luchas de la discapacidad en Chile[:en]Conversation with Activists: Agendas and struggles of disability in Chile[:] - N\u00facleo Disca","robots":{"index":"index","follow":"follow","max-snippet":"max-snippet:-1","max-image-preview":"max-image-preview:large","max-video-preview":"max-video-preview:-1"},"canonical":"https:\/\/nucleodisca.cl\/conversatorio-con-activistas-agendas-y-luchas-de-la-discapacidad-en-chile\/","og_locale":"en_US","og_type":"article","og_title":"[:es]Conversatorio con Activistas: Agendas y luchas de la discapacidad en Chile[:en]Conversation with Activists: Agendas and struggles of disability in Chile[:] - N\u00facleo Disca","og_description":"The Millennium Nucleus DISCA developed the first Conversation with Activists, called &#8220;Agendas and struggles of disability in Chile&#8221;, a space to learn about the experiences of prominent people with disabilities. On this occasion, the discussion had as protagonists: Olga Balboa is president of the Communal Association of and for People with Disabilities of Concepci\u00f3n and [&hellip;]","og_url":"https:\/\/nucleodisca.cl\/conversatorio-con-activistas-agendas-y-luchas-de-la-discapacidad-en-chile\/","og_site_name":"N\u00facleo Disca","article_publisher":"https:\/\/www.facebook.com\/nucleodisca","article_published_time":"2023-05-04T01:00:44+00:00","article_modified_time":"2023-11-07T15:48:12+00:00","og_image":[{"width":1080,"height":1080,"url":"https:\/\/nucleodisca.cl\/cms\/wp-content\/uploads\/2023\/05\/Conversatorio-Activistas-DISCA-1.png","type":"image\/png"}],"author":"Andrea Medina","twitter_card":"summary_large_image","twitter_creator":"@NucleoDISCA","twitter_site":"@NucleoDISCA","twitter_misc":{"Written by":"Andrea Medina","Est. reading time":"2 minutes"},"schema":{"@context":"https:\/\/schema.org","@graph":[{"@type":"Article","@id":"https:\/\/nucleodisca.cl\/conversatorio-con-activistas-agendas-y-luchas-de-la-discapacidad-en-chile\/#article","isPartOf":{"@id":"https:\/\/nucleodisca.cl\/conversatorio-con-activistas-agendas-y-luchas-de-la-discapacidad-en-chile\/"},"author":{"name":"Andrea Medina","@id":"https:\/\/nucleodisca.cl\/#\/schema\/person\/b42edcb08ececf3308d983810217cba1"},"headline":"Conversation with Activists: Agendas and struggles of disability in Chile","datePublished":"2023-05-04T01:00:44+00:00","dateModified":"2023-11-07T15:48:12+00:00","mainEntityOfPage":{"@id":"https:\/\/nucleodisca.cl\/conversatorio-con-activistas-agendas-y-luchas-de-la-discapacidad-en-chile\/"},"wordCount":616,"commentCount":0,"publisher":{"@id":"https:\/\/nucleodisca.cl\/#organization"},"image":{"@id":"https:\/\/nucleodisca.cl\/conversatorio-con-activistas-agendas-y-luchas-de-la-discapacidad-en-chile\/#primaryimage"},"thumbnailUrl":"https:\/\/nucleodisca.cl\/cms\/wp-content\/uploads\/2023\/05\/Conversatorio-Activistas-DISCA-1.png","keywords":["Activismo","Discapacidad"],"articleSection":["Agenda"],"inLanguage":"en-US","potentialAction":[{"@type":"CommentAction","name":"Comment","target":["https:\/\/nucleodisca.cl\/conversatorio-con-activistas-agendas-y-luchas-de-la-discapacidad-en-chile\/#respond"]}]},{"@type":"WebPage","@id":"https:\/\/nucleodisca.cl\/conversatorio-con-activistas-agendas-y-luchas-de-la-discapacidad-en-chile\/","url":"https:\/\/nucleodisca.cl\/conversatorio-con-activistas-agendas-y-luchas-de-la-discapacidad-en-chile\/","name":"[:es]Conversatorio con Activistas: Agendas y luchas de la discapacidad en Chile[:en]Conversation with Activists: Agendas and struggles of disability in Chile[:] - N\u00facleo Disca","isPartOf":{"@id":"https:\/\/nucleodisca.cl\/#website"},"primaryImageOfPage":{"@id":"https:\/\/nucleodisca.cl\/conversatorio-con-activistas-agendas-y-luchas-de-la-discapacidad-en-chile\/#primaryimage"},"image":{"@id":"https:\/\/nucleodisca.cl\/conversatorio-con-activistas-agendas-y-luchas-de-la-discapacidad-en-chile\/#primaryimage"},"thumbnailUrl":"https:\/\/nucleodisca.cl\/cms\/wp-content\/uploads\/2023\/05\/Conversatorio-Activistas-DISCA-1.png","datePublished":"2023-05-04T01:00:44+00:00","dateModified":"2023-11-07T15:48:12+00:00","breadcrumb":{"@id":"https:\/\/nucleodisca.cl\/conversatorio-con-activistas-agendas-y-luchas-de-la-discapacidad-en-chile\/#breadcrumb"},"inLanguage":"en-US","potentialAction":[{"@type":"ReadAction","target":["https:\/\/nucleodisca.cl\/conversatorio-con-activistas-agendas-y-luchas-de-la-discapacidad-en-chile\/"]}]},{"@type":"ImageObject","inLanguage":"en-US","@id":"https:\/\/nucleodisca.cl\/conversatorio-con-activistas-agendas-y-luchas-de-la-discapacidad-en-chile\/#primaryimage","url":"https:\/\/nucleodisca.cl\/cms\/wp-content\/uploads\/2023\/05\/Conversatorio-Activistas-DISCA-1.png","contentUrl":"https:\/\/nucleodisca.cl\/cms\/wp-content\/uploads\/2023\/05\/Conversatorio-Activistas-DISCA-1.png","width":1080,"height":1080,"caption":"Afiche de Conversatorio con Activistas \u201cAgendas y Luchas de la Discapacidad en Chile\u201d. Sobre fondo amarillo dice: Participan: Olga Balboa, Presidenta de la Asociaci\u00f3n Comunal de y para Personas con Discapacidad de Concepci\u00f3n. Jimena Luna, Fundadora y Directora Ejecutiva de la Fundaci\u00f3n Vida Independiente Chile. Jaime Ram\u00edrez, Presidente de Conadis y Experto por Experiencia del N\u00facleo Milenio DISCA. C\u00e9sar Rodr\u00edguez, Presidente de la Fundaci\u00f3n Vitachi y Consejero Nacional de Senadis. Cada uno de los nombres se acompa\u00f1a por la fotograf\u00eda de la persona. Modera: Juan Pino, investigador principal de DISCA y acad\u00e9mico de la Universidad de O'Higgins. Jueves 11 de mayo, 18:00 horas. Actividad gratuita en l\u00ednea, previa inscripci\u00f3n. Contar\u00e1 con int\u00e9rprete de lengua de se\u00f1as. www.nucleodisca.cl. En la parte superior est\u00e1n los logos del N\u00facleo Milenio DISCA y ANID. En la parte inferior hay varias letras i con diversos formatos y colores."},{"@type":"BreadcrumbList","@id":"https:\/\/nucleodisca.cl\/conversatorio-con-activistas-agendas-y-luchas-de-la-discapacidad-en-chile\/#breadcrumb","itemListElement":[{"@type":"ListItem","position":1,"name":"Portada","item":"https:\/\/nucleodisca.cl\/"},{"@type":"ListItem","position":2,"name":"Conversatorio con Activistas: Agendas y luchas de la discapacidad en Chile"}]},{"@type":"WebSite","@id":"https:\/\/nucleodisca.cl\/#website","url":"https:\/\/nucleodisca.cl\/","name":"N\u00facleo Disca","description":"Disability and citizenship","publisher":{"@id":"https:\/\/nucleodisca.cl\/#organization"},"potentialAction":[{"@type":"SearchAction","target":{"@type":"EntryPoint","urlTemplate":"https:\/\/nucleodisca.cl\/?s={search_term_string}"},"query-input":{"@type":"PropertyValueSpecification","valueRequired":true,"valueName":"search_term_string"}}],"inLanguage":"en-US"},{"@type":"Organization","@id":"https:\/\/nucleodisca.cl\/#organization","name":"N\u00facleo Milenio Disca","url":"https:\/\/nucleodisca.cl\/","logo":{"@type":"ImageObject","inLanguage":"en-US","@id":"https:\/\/nucleodisca.cl\/#\/schema\/logo\/image\/","url":"https:\/\/nucleodisca.cl\/cms\/wp-content\/uploads\/2023\/10\/DISCA-2-NEGRO-COLOR-A.png","contentUrl":"https:\/\/nucleodisca.cl\/cms\/wp-content\/uploads\/2023\/10\/DISCA-2-NEGRO-COLOR-A.png","width":3319,"height":1759,"caption":"N\u00facleo Milenio Disca"},"image":{"@id":"https:\/\/nucleodisca.cl\/#\/schema\/logo\/image\/"},"sameAs":["https:\/\/www.facebook.com\/nucleodisca","https:\/\/x.com\/NucleoDISCA","https:\/\/www.instagram.com\/nucleodisca\/","https:\/\/www.linkedin.com\/in\/andreaocampocea\/"]},{"@type":"Person","@id":"https:\/\/nucleodisca.cl\/#\/schema\/person\/b42edcb08ececf3308d983810217cba1","name":"Andrea Medina","image":{"@type":"ImageObject","inLanguage":"en-US","@id":"https:\/\/nucleodisca.cl\/#\/schema\/person\/image\/","url":"https:\/\/secure.gravatar.com\/avatar\/86472d0fda5788ab63efd50af58d8bf28314af02056a12b425db9d2208d3bd1c?s=96&d=mm&r=g","contentUrl":"https:\/\/secure.gravatar.com\/avatar\/86472d0fda5788ab63efd50af58d8bf28314af02056a12b425db9d2208d3bd1c?s=96&d=mm&r=g","caption":"Andrea Medina"},"url":"https:\/\/nucleodisca.cl\/en\/author\/andrea-medina\/"}]}},"_links":{"self":[{"href":"https:\/\/nucleodisca.cl\/en\/wp-json\/wp\/v2\/posts\/404","targetHints":{"allow":["GET"]}}],"collection":[{"href":"https:\/\/nucleodisca.cl\/en\/wp-json\/wp\/v2\/posts"}],"about":[{"href":"https:\/\/nucleodisca.cl\/en\/wp-json\/wp\/v2\/types\/post"}],"author":[{"embeddable":true,"href":"https:\/\/nucleodisca.cl\/en\/wp-json\/wp\/v2\/users\/4"}],"replies":[{"embeddable":true,"href":"https:\/\/nucleodisca.cl\/en\/wp-json\/wp\/v2\/comments?post=404"}],"version-history":[{"count":4,"href":"https:\/\/nucleodisca.cl\/en\/wp-json\/wp\/v2\/posts\/404\/revisions"}],"predecessor-version":[{"id":732,"href":"https:\/\/nucleodisca.cl\/en\/wp-json\/wp\/v2\/posts\/404\/revisions\/732"}],"wp:featuredmedia":[{"embeddable":true,"href":"https:\/\/nucleodisca.cl\/en\/wp-json\/wp\/v2\/media\/411"}],"wp:attachment":[{"href":"https:\/\/nucleodisca.cl\/en\/wp-json\/wp\/v2\/media?parent=404"}],"wp:term":[{"taxonomy":"category","embeddable":true,"href":"https:\/\/nucleodisca.cl\/en\/wp-json\/wp\/v2\/categories?post=404"},{"taxonomy":"post_tag","embeddable":true,"href":"https:\/\/nucleodisca.cl\/en\/wp-json\/wp\/v2\/tags?post=404"}],"curies":[{"name":"wp","href":"https:\/\/api.w.org\/{rel}","templated":true}]}}