{"id":428,"date":"2023-05-24T13:37:32","date_gmt":"2023-05-24T16:37:32","guid":{"rendered":"https:\/\/nucleodisca.cl\/?p=428"},"modified":"2023-11-07T12:45:13","modified_gmt":"2023-11-07T15:45:13","slug":"ciclo-de-seminarios-en-linea-reproduccion-y-maternidad-en-mujeres-con-discapacidad-intelectual","status":"publish","type":"post","link":"https:\/\/nucleodisca.cl\/en\/ciclo-de-seminarios-en-linea-reproduccion-y-maternidad-en-mujeres-con-discapacidad-intelectual\/","title":{"rendered":"Online Seminar Series: Reproduction and Childbearing in Women with Intellectual Disabilities"},"content":{"rendered":"<p>The DISCA Millennium Nucleus held its second online seminar, this time addressing the issue of r<strong>eproduction and motherhood in women with intellectual disabilities, their barriers and challenges.<\/strong><\/p>\n<p>It counted with the participation of Melissa Hichins, president of the community organization Red de Protecci\u00f3n en Derechos e Inclusi\u00f3n Social (Reprodis), who addressed &#8220;Experiences of maternity support for women with intellectual disabilities: Challenges and resistance from the south&#8221; and Andrea Yupanqui, associate professor at the Universidad de Magallanes, with the topic &#8220;Forced sterilizations and other gynecological-obstetric violence: The case of women with intellectual disabilities&#8221;.<\/p>\n<p>Also present was <strong>Irinia Quilodr\u00e1n<\/strong>, a mother with intellectual disabilities, who commented on her experience living motherhood. The activity was moderated by <strong>Florencia Herrera<\/strong>, director of the Millennium Nucleus DISCA.<\/p>\n<p>The seminar was held on Thursday, June 1, 2023, at 6:00 pm, through Zoom and is available on the YouTube channel of the Nucleus, at https:\/\/youtu.be\/BNwididJU1U.<\/p>\n<p>The video has a sign language interpreter and instant subtitling.<\/p>","protected":false},"excerpt":{"rendered":"<p>The DISCA Millennium Nucleus held its second online seminar, this time addressing the issue of reproduction and motherhood in women with intellectual disabilities, their barriers and challenges. It counted with the participation of Melissa Hichins, president of the community organization Red de Protecci\u00f3n en Derechos e Inclusi\u00f3n Social (Reprodis), who addressed &#8220;Experiences of maternity support [&hellip;]<\/p>\n","protected":false},"author":4,"featured_media":429,"comment_status":"open","ping_status":"open","sticky":false,"template":"","format":"standard","meta":{"_acf_changed":false,"footnotes":""},"categories":[5],"tags":[29,28,22],"class_list":["post-428","post","type-post","status-publish","format-standard","has-post-thumbnail","hentry","category-agenda","tag-discapacidad-intelectual","tag-maternidad","tag-reproduccion"],"acf":[],"yoast_head":"<!-- This site is optimized with the Yoast SEO plugin v25.6 - https:\/\/yoast.com\/wordpress\/plugins\/seo\/ -->\n<title>Online Seminar Series: Reproduction and Childbearing in Women with Intellectual Disabilities - N\u00facleo Disca<\/title>\n<meta name=\"robots\" content=\"index, follow, max-snippet:-1, max-image-preview:large, max-video-preview:-1\" \/>\n<link rel=\"canonical\" href=\"https:\/\/nucleodisca.cl\/ciclo-de-seminarios-en-linea-reproduccion-y-maternidad-en-mujeres-con-discapacidad-intelectual\/\" \/>\n<meta property=\"og:locale\" content=\"en_US\" \/>\n<meta property=\"og:type\" content=\"article\" \/>\n<meta property=\"og:title\" content=\"[:es]Ciclo de Seminarios en L\u00ednea: Reproducci\u00f3n y maternidad en mujeres con discapacidad intelectual[:en]Online Seminar Series: Reproduction and Childbearing in Women with Intellectual Disabilities[:] - N\u00facleo Disca\" \/>\n<meta property=\"og:description\" content=\"The DISCA Millennium Nucleus held its second online seminar, this time addressing the issue of reproduction and motherhood in women with intellectual disabilities, their barriers and challenges. It counted with the participation of Melissa Hichins, president of the community organization Red de Protecci\u00f3n en Derechos e Inclusi\u00f3n Social (Reprodis), who addressed &#8220;Experiences of maternity support [&hellip;]\" \/>\n<meta property=\"og:url\" content=\"https:\/\/nucleodisca.cl\/ciclo-de-seminarios-en-linea-reproduccion-y-maternidad-en-mujeres-con-discapacidad-intelectual\/\" \/>\n<meta property=\"og:site_name\" content=\"N\u00facleo Disca\" \/>\n<meta property=\"article:publisher\" content=\"https:\/\/www.facebook.com\/nucleodisca\" \/>\n<meta property=\"article:published_time\" content=\"2023-05-24T16:37:32+00:00\" \/>\n<meta property=\"article:modified_time\" content=\"2023-11-07T15:45:13+00:00\" \/>\n<meta property=\"og:image\" content=\"https:\/\/nucleodisca.cl\/cms\/wp-content\/uploads\/2023\/05\/Seminario-Junio.png\" \/>\n\t<meta property=\"og:image:width\" content=\"1080\" \/>\n\t<meta property=\"og:image:height\" content=\"1080\" \/>\n\t<meta property=\"og:image:type\" content=\"image\/png\" \/>\n<meta name=\"author\" content=\"Andrea Medina\" \/>\n<meta name=\"twitter:card\" content=\"summary_large_image\" \/>\n<meta name=\"twitter:creator\" content=\"@NucleoDISCA\" \/>\n<meta name=\"twitter:site\" content=\"@NucleoDISCA\" \/>\n<meta name=\"twitter:label1\" content=\"Written by\" \/>\n\t<meta name=\"twitter:data1\" content=\"Andrea Medina\" \/>\n\t<meta name=\"twitter:label2\" content=\"Est. reading time\" \/>\n\t<meta name=\"twitter:data2\" content=\"1 minute\" \/>\n<script type=\"application\/ld+json\" class=\"yoast-schema-graph\">{\"@context\":\"https:\/\/schema.org\",\"@graph\":[{\"@type\":\"Article\",\"@id\":\"https:\/\/nucleodisca.cl\/ciclo-de-seminarios-en-linea-reproduccion-y-maternidad-en-mujeres-con-discapacidad-intelectual\/#article\",\"isPartOf\":{\"@id\":\"https:\/\/nucleodisca.cl\/ciclo-de-seminarios-en-linea-reproduccion-y-maternidad-en-mujeres-con-discapacidad-intelectual\/\"},\"author\":{\"name\":\"Andrea Medina\",\"@id\":\"https:\/\/nucleodisca.cl\/#\/schema\/person\/b42edcb08ececf3308d983810217cba1\"},\"headline\":\"Online Seminar Series: Reproduction and Childbearing in Women with Intellectual Disabilities\",\"datePublished\":\"2023-05-24T16:37:32+00:00\",\"dateModified\":\"2023-11-07T15:45:13+00:00\",\"mainEntityOfPage\":{\"@id\":\"https:\/\/nucleodisca.cl\/ciclo-de-seminarios-en-linea-reproduccion-y-maternidad-en-mujeres-con-discapacidad-intelectual\/\"},\"wordCount\":379,\"commentCount\":0,\"publisher\":{\"@id\":\"https:\/\/nucleodisca.cl\/#organization\"},\"image\":{\"@id\":\"https:\/\/nucleodisca.cl\/ciclo-de-seminarios-en-linea-reproduccion-y-maternidad-en-mujeres-con-discapacidad-intelectual\/#primaryimage\"},\"thumbnailUrl\":\"https:\/\/nucleodisca.cl\/cms\/wp-content\/uploads\/2023\/05\/Seminario-Junio.png\",\"keywords\":[\"Discapacidad intelectual\",\"maternidad\",\"Reproducci\u00f3n\"],\"articleSection\":[\"Agenda\"],\"inLanguage\":\"en-US\",\"potentialAction\":[{\"@type\":\"CommentAction\",\"name\":\"Comment\",\"target\":[\"https:\/\/nucleodisca.cl\/ciclo-de-seminarios-en-linea-reproduccion-y-maternidad-en-mujeres-con-discapacidad-intelectual\/#respond\"]}]},{\"@type\":\"WebPage\",\"@id\":\"https:\/\/nucleodisca.cl\/ciclo-de-seminarios-en-linea-reproduccion-y-maternidad-en-mujeres-con-discapacidad-intelectual\/\",\"url\":\"https:\/\/nucleodisca.cl\/ciclo-de-seminarios-en-linea-reproduccion-y-maternidad-en-mujeres-con-discapacidad-intelectual\/\",\"name\":\"[:es]Ciclo de Seminarios en L\u00ednea: Reproducci\u00f3n y maternidad en mujeres con discapacidad intelectual[:en]Online Seminar Series: Reproduction and Childbearing in Women with Intellectual Disabilities[:] - N\u00facleo Disca\",\"isPartOf\":{\"@id\":\"https:\/\/nucleodisca.cl\/#website\"},\"primaryImageOfPage\":{\"@id\":\"https:\/\/nucleodisca.cl\/ciclo-de-seminarios-en-linea-reproduccion-y-maternidad-en-mujeres-con-discapacidad-intelectual\/#primaryimage\"},\"image\":{\"@id\":\"https:\/\/nucleodisca.cl\/ciclo-de-seminarios-en-linea-reproduccion-y-maternidad-en-mujeres-con-discapacidad-intelectual\/#primaryimage\"},\"thumbnailUrl\":\"https:\/\/nucleodisca.cl\/cms\/wp-content\/uploads\/2023\/05\/Seminario-Junio.png\",\"datePublished\":\"2023-05-24T16:37:32+00:00\",\"dateModified\":\"2023-11-07T15:45:13+00:00\",\"breadcrumb\":{\"@id\":\"https:\/\/nucleodisca.cl\/ciclo-de-seminarios-en-linea-reproduccion-y-maternidad-en-mujeres-con-discapacidad-intelectual\/#breadcrumb\"},\"inLanguage\":\"en-US\",\"potentialAction\":[{\"@type\":\"ReadAction\",\"target\":[\"https:\/\/nucleodisca.cl\/ciclo-de-seminarios-en-linea-reproduccion-y-maternidad-en-mujeres-con-discapacidad-intelectual\/\"]}]},{\"@type\":\"ImageObject\",\"inLanguage\":\"en-US\",\"@id\":\"https:\/\/nucleodisca.cl\/ciclo-de-seminarios-en-linea-reproduccion-y-maternidad-en-mujeres-con-discapacidad-intelectual\/#primaryimage\",\"url\":\"https:\/\/nucleodisca.cl\/cms\/wp-content\/uploads\/2023\/05\/Seminario-Junio.png\",\"contentUrl\":\"https:\/\/nucleodisca.cl\/cms\/wp-content\/uploads\/2023\/05\/Seminario-Junio.png\",\"width\":1080,\"height\":1080,\"caption\":\"Afiche de Ciclo de Seminarios en L\u00ednea: Reproducci\u00f3n y maternidad en mujeres con discapacidad intelectual: barreras y desaf\u00edos. En la parte superior est\u00e1n los logos del N\u00facleo Milenio DISCA, ANID y la Iniciativa Milenio. En el centro est\u00e1 la informaci\u00f3n sobre participantes y fotograf\u00edas de sus rostros, fecha, horario, inscripci\u00f3n y sitio web www.nucleodisca.cl. En el borde inferior aparecen varias letras i en fila, con diversos colores y formas.\"},{\"@type\":\"BreadcrumbList\",\"@id\":\"https:\/\/nucleodisca.cl\/ciclo-de-seminarios-en-linea-reproduccion-y-maternidad-en-mujeres-con-discapacidad-intelectual\/#breadcrumb\",\"itemListElement\":[{\"@type\":\"ListItem\",\"position\":1,\"name\":\"Portada\",\"item\":\"https:\/\/nucleodisca.cl\/\"},{\"@type\":\"ListItem\",\"position\":2,\"name\":\"Ciclo de Seminarios en L\u00ednea: Reproducci\u00f3n y maternidad en mujeres con discapacidad intelectual\"}]},{\"@type\":\"WebSite\",\"@id\":\"https:\/\/nucleodisca.cl\/#website\",\"url\":\"https:\/\/nucleodisca.cl\/\",\"name\":\"N\u00facleo Disca\",\"description\":\"Disability and citizenship\",\"publisher\":{\"@id\":\"https:\/\/nucleodisca.cl\/#organization\"},\"potentialAction\":[{\"@type\":\"SearchAction\",\"target\":{\"@type\":\"EntryPoint\",\"urlTemplate\":\"https:\/\/nucleodisca.cl\/?s={search_term_string}\"},\"query-input\":{\"@type\":\"PropertyValueSpecification\",\"valueRequired\":true,\"valueName\":\"search_term_string\"}}],\"inLanguage\":\"en-US\"},{\"@type\":\"Organization\",\"@id\":\"https:\/\/nucleodisca.cl\/#organization\",\"name\":\"N\u00facleo Milenio Disca\",\"url\":\"https:\/\/nucleodisca.cl\/\",\"logo\":{\"@type\":\"ImageObject\",\"inLanguage\":\"en-US\",\"@id\":\"https:\/\/nucleodisca.cl\/#\/schema\/logo\/image\/\",\"url\":\"https:\/\/nucleodisca.cl\/cms\/wp-content\/uploads\/2023\/10\/DISCA-2-NEGRO-COLOR-A.png\",\"contentUrl\":\"https:\/\/nucleodisca.cl\/cms\/wp-content\/uploads\/2023\/10\/DISCA-2-NEGRO-COLOR-A.png\",\"width\":3319,\"height\":1759,\"caption\":\"N\u00facleo Milenio Disca\"},\"image\":{\"@id\":\"https:\/\/nucleodisca.cl\/#\/schema\/logo\/image\/\"},\"sameAs\":[\"https:\/\/www.facebook.com\/nucleodisca\",\"https:\/\/x.com\/NucleoDISCA\",\"https:\/\/www.instagram.com\/nucleodisca\/\",\"https:\/\/www.linkedin.com\/in\/andreaocampocea\/\"]},{\"@type\":\"Person\",\"@id\":\"https:\/\/nucleodisca.cl\/#\/schema\/person\/b42edcb08ececf3308d983810217cba1\",\"name\":\"Andrea Medina\",\"image\":{\"@type\":\"ImageObject\",\"inLanguage\":\"en-US\",\"@id\":\"https:\/\/nucleodisca.cl\/#\/schema\/person\/image\/\",\"url\":\"https:\/\/secure.gravatar.com\/avatar\/86472d0fda5788ab63efd50af58d8bf28314af02056a12b425db9d2208d3bd1c?s=96&d=mm&r=g\",\"contentUrl\":\"https:\/\/secure.gravatar.com\/avatar\/86472d0fda5788ab63efd50af58d8bf28314af02056a12b425db9d2208d3bd1c?s=96&d=mm&r=g\",\"caption\":\"Andrea Medina\"},\"url\":\"https:\/\/nucleodisca.cl\/en\/author\/andrea-medina\/\"}]}<\/script>\n<!-- \/ Yoast SEO plugin. -->","yoast_head_json":{"title":"[:es]Ciclo de Seminarios en L\u00ednea: Reproducci\u00f3n y maternidad en mujeres con discapacidad intelectual[:en]Online Seminar Series: Reproduction and Childbearing in Women with Intellectual Disabilities[:] - N\u00facleo Disca","robots":{"index":"index","follow":"follow","max-snippet":"max-snippet:-1","max-image-preview":"max-image-preview:large","max-video-preview":"max-video-preview:-1"},"canonical":"https:\/\/nucleodisca.cl\/ciclo-de-seminarios-en-linea-reproduccion-y-maternidad-en-mujeres-con-discapacidad-intelectual\/","og_locale":"en_US","og_type":"article","og_title":"[:es]Ciclo de Seminarios en L\u00ednea: Reproducci\u00f3n y maternidad en mujeres con discapacidad intelectual[:en]Online Seminar Series: Reproduction and Childbearing in Women with Intellectual Disabilities[:] - N\u00facleo Disca","og_description":"The DISCA Millennium Nucleus held its second online seminar, this time addressing the issue of reproduction and motherhood in women with intellectual disabilities, their barriers and challenges. It counted with the participation of Melissa Hichins, president of the community organization Red de Protecci\u00f3n en Derechos e Inclusi\u00f3n Social (Reprodis), who addressed &#8220;Experiences of maternity support [&hellip;]","og_url":"https:\/\/nucleodisca.cl\/ciclo-de-seminarios-en-linea-reproduccion-y-maternidad-en-mujeres-con-discapacidad-intelectual\/","og_site_name":"N\u00facleo Disca","article_publisher":"https:\/\/www.facebook.com\/nucleodisca","article_published_time":"2023-05-24T16:37:32+00:00","article_modified_time":"2023-11-07T15:45:13+00:00","og_image":[{"width":1080,"height":1080,"url":"https:\/\/nucleodisca.cl\/cms\/wp-content\/uploads\/2023\/05\/Seminario-Junio.png","type":"image\/png"}],"author":"Andrea Medina","twitter_card":"summary_large_image","twitter_creator":"@NucleoDISCA","twitter_site":"@NucleoDISCA","twitter_misc":{"Written by":"Andrea Medina","Est. reading time":"1 minute"},"schema":{"@context":"https:\/\/schema.org","@graph":[{"@type":"Article","@id":"https:\/\/nucleodisca.cl\/ciclo-de-seminarios-en-linea-reproduccion-y-maternidad-en-mujeres-con-discapacidad-intelectual\/#article","isPartOf":{"@id":"https:\/\/nucleodisca.cl\/ciclo-de-seminarios-en-linea-reproduccion-y-maternidad-en-mujeres-con-discapacidad-intelectual\/"},"author":{"name":"Andrea Medina","@id":"https:\/\/nucleodisca.cl\/#\/schema\/person\/b42edcb08ececf3308d983810217cba1"},"headline":"Online Seminar Series: Reproduction and Childbearing in Women with Intellectual Disabilities","datePublished":"2023-05-24T16:37:32+00:00","dateModified":"2023-11-07T15:45:13+00:00","mainEntityOfPage":{"@id":"https:\/\/nucleodisca.cl\/ciclo-de-seminarios-en-linea-reproduccion-y-maternidad-en-mujeres-con-discapacidad-intelectual\/"},"wordCount":379,"commentCount":0,"publisher":{"@id":"https:\/\/nucleodisca.cl\/#organization"},"image":{"@id":"https:\/\/nucleodisca.cl\/ciclo-de-seminarios-en-linea-reproduccion-y-maternidad-en-mujeres-con-discapacidad-intelectual\/#primaryimage"},"thumbnailUrl":"https:\/\/nucleodisca.cl\/cms\/wp-content\/uploads\/2023\/05\/Seminario-Junio.png","keywords":["Discapacidad intelectual","maternidad","Reproducci\u00f3n"],"articleSection":["Agenda"],"inLanguage":"en-US","potentialAction":[{"@type":"CommentAction","name":"Comment","target":["https:\/\/nucleodisca.cl\/ciclo-de-seminarios-en-linea-reproduccion-y-maternidad-en-mujeres-con-discapacidad-intelectual\/#respond"]}]},{"@type":"WebPage","@id":"https:\/\/nucleodisca.cl\/ciclo-de-seminarios-en-linea-reproduccion-y-maternidad-en-mujeres-con-discapacidad-intelectual\/","url":"https:\/\/nucleodisca.cl\/ciclo-de-seminarios-en-linea-reproduccion-y-maternidad-en-mujeres-con-discapacidad-intelectual\/","name":"[:es]Ciclo de Seminarios en L\u00ednea: Reproducci\u00f3n y maternidad en mujeres con discapacidad intelectual[:en]Online Seminar Series: Reproduction and Childbearing in Women with Intellectual Disabilities[:] - N\u00facleo Disca","isPartOf":{"@id":"https:\/\/nucleodisca.cl\/#website"},"primaryImageOfPage":{"@id":"https:\/\/nucleodisca.cl\/ciclo-de-seminarios-en-linea-reproduccion-y-maternidad-en-mujeres-con-discapacidad-intelectual\/#primaryimage"},"image":{"@id":"https:\/\/nucleodisca.cl\/ciclo-de-seminarios-en-linea-reproduccion-y-maternidad-en-mujeres-con-discapacidad-intelectual\/#primaryimage"},"thumbnailUrl":"https:\/\/nucleodisca.cl\/cms\/wp-content\/uploads\/2023\/05\/Seminario-Junio.png","datePublished":"2023-05-24T16:37:32+00:00","dateModified":"2023-11-07T15:45:13+00:00","breadcrumb":{"@id":"https:\/\/nucleodisca.cl\/ciclo-de-seminarios-en-linea-reproduccion-y-maternidad-en-mujeres-con-discapacidad-intelectual\/#breadcrumb"},"inLanguage":"en-US","potentialAction":[{"@type":"ReadAction","target":["https:\/\/nucleodisca.cl\/ciclo-de-seminarios-en-linea-reproduccion-y-maternidad-en-mujeres-con-discapacidad-intelectual\/"]}]},{"@type":"ImageObject","inLanguage":"en-US","@id":"https:\/\/nucleodisca.cl\/ciclo-de-seminarios-en-linea-reproduccion-y-maternidad-en-mujeres-con-discapacidad-intelectual\/#primaryimage","url":"https:\/\/nucleodisca.cl\/cms\/wp-content\/uploads\/2023\/05\/Seminario-Junio.png","contentUrl":"https:\/\/nucleodisca.cl\/cms\/wp-content\/uploads\/2023\/05\/Seminario-Junio.png","width":1080,"height":1080,"caption":"Afiche de Ciclo de Seminarios en L\u00ednea: Reproducci\u00f3n y maternidad en mujeres con discapacidad intelectual: barreras y desaf\u00edos. En la parte superior est\u00e1n los logos del N\u00facleo Milenio DISCA, ANID y la Iniciativa Milenio. En el centro est\u00e1 la informaci\u00f3n sobre participantes y fotograf\u00edas de sus rostros, fecha, horario, inscripci\u00f3n y sitio web www.nucleodisca.cl. En el borde inferior aparecen varias letras i en fila, con diversos colores y formas."},{"@type":"BreadcrumbList","@id":"https:\/\/nucleodisca.cl\/ciclo-de-seminarios-en-linea-reproduccion-y-maternidad-en-mujeres-con-discapacidad-intelectual\/#breadcrumb","itemListElement":[{"@type":"ListItem","position":1,"name":"Portada","item":"https:\/\/nucleodisca.cl\/"},{"@type":"ListItem","position":2,"name":"Ciclo de Seminarios en L\u00ednea: Reproducci\u00f3n y maternidad en mujeres con discapacidad intelectual"}]},{"@type":"WebSite","@id":"https:\/\/nucleodisca.cl\/#website","url":"https:\/\/nucleodisca.cl\/","name":"N\u00facleo Disca","description":"Disability and citizenship","publisher":{"@id":"https:\/\/nucleodisca.cl\/#organization"},"potentialAction":[{"@type":"SearchAction","target":{"@type":"EntryPoint","urlTemplate":"https:\/\/nucleodisca.cl\/?s={search_term_string}"},"query-input":{"@type":"PropertyValueSpecification","valueRequired":true,"valueName":"search_term_string"}}],"inLanguage":"en-US"},{"@type":"Organization","@id":"https:\/\/nucleodisca.cl\/#organization","name":"N\u00facleo Milenio Disca","url":"https:\/\/nucleodisca.cl\/","logo":{"@type":"ImageObject","inLanguage":"en-US","@id":"https:\/\/nucleodisca.cl\/#\/schema\/logo\/image\/","url":"https:\/\/nucleodisca.cl\/cms\/wp-content\/uploads\/2023\/10\/DISCA-2-NEGRO-COLOR-A.png","contentUrl":"https:\/\/nucleodisca.cl\/cms\/wp-content\/uploads\/2023\/10\/DISCA-2-NEGRO-COLOR-A.png","width":3319,"height":1759,"caption":"N\u00facleo Milenio Disca"},"image":{"@id":"https:\/\/nucleodisca.cl\/#\/schema\/logo\/image\/"},"sameAs":["https:\/\/www.facebook.com\/nucleodisca","https:\/\/x.com\/NucleoDISCA","https:\/\/www.instagram.com\/nucleodisca\/","https:\/\/www.linkedin.com\/in\/andreaocampocea\/"]},{"@type":"Person","@id":"https:\/\/nucleodisca.cl\/#\/schema\/person\/b42edcb08ececf3308d983810217cba1","name":"Andrea Medina","image":{"@type":"ImageObject","inLanguage":"en-US","@id":"https:\/\/nucleodisca.cl\/#\/schema\/person\/image\/","url":"https:\/\/secure.gravatar.com\/avatar\/86472d0fda5788ab63efd50af58d8bf28314af02056a12b425db9d2208d3bd1c?s=96&d=mm&r=g","contentUrl":"https:\/\/secure.gravatar.com\/avatar\/86472d0fda5788ab63efd50af58d8bf28314af02056a12b425db9d2208d3bd1c?s=96&d=mm&r=g","caption":"Andrea Medina"},"url":"https:\/\/nucleodisca.cl\/en\/author\/andrea-medina\/"}]}},"_links":{"self":[{"href":"https:\/\/nucleodisca.cl\/en\/wp-json\/wp\/v2\/posts\/428","targetHints":{"allow":["GET"]}}],"collection":[{"href":"https:\/\/nucleodisca.cl\/en\/wp-json\/wp\/v2\/posts"}],"about":[{"href":"https:\/\/nucleodisca.cl\/en\/wp-json\/wp\/v2\/types\/post"}],"author":[{"embeddable":true,"href":"https:\/\/nucleodisca.cl\/en\/wp-json\/wp\/v2\/users\/4"}],"replies":[{"embeddable":true,"href":"https:\/\/nucleodisca.cl\/en\/wp-json\/wp\/v2\/comments?post=428"}],"version-history":[{"count":3,"href":"https:\/\/nucleodisca.cl\/en\/wp-json\/wp\/v2\/posts\/428\/revisions"}],"predecessor-version":[{"id":731,"href":"https:\/\/nucleodisca.cl\/en\/wp-json\/wp\/v2\/posts\/428\/revisions\/731"}],"wp:featuredmedia":[{"embeddable":true,"href":"https:\/\/nucleodisca.cl\/en\/wp-json\/wp\/v2\/media\/429"}],"wp:attachment":[{"href":"https:\/\/nucleodisca.cl\/en\/wp-json\/wp\/v2\/media?parent=428"}],"wp:term":[{"taxonomy":"category","embeddable":true,"href":"https:\/\/nucleodisca.cl\/en\/wp-json\/wp\/v2\/categories?post=428"},{"taxonomy":"post_tag","embeddable":true,"href":"https:\/\/nucleodisca.cl\/en\/wp-json\/wp\/v2\/tags?post=428"}],"curies":[{"name":"wp","href":"https:\/\/api.w.org\/{rel}","templated":true}]}}