{"id":548,"date":"2023-06-12T12:15:47","date_gmt":"2023-06-12T16:15:47","guid":{"rendered":"https:\/\/nucleodisca.cl\/?p=548"},"modified":"2026-04-15T17:06:56","modified_gmt":"2026-04-15T21:06:56","slug":"neoliberalismo-y-campanas-teleton-en-chile-discursos-politicos-contra-la-dictadura-de-la-caridad","status":"publish","type":"post","link":"https:\/\/nucleodisca.cl\/en\/neoliberalismo-y-campanas-teleton-en-chile-discursos-politicos-contra-la-dictadura-de-la-caridad\/","title":{"rendered":"(Espa\u00f1ol) Neoliberalismo y campa\u00f1as Telet\u00f3n en Chile: discursos pol\u00edticos contra la dictadura de la caridad"},"content":{"rendered":"<p>The manuscript aims to present the political discourses of disability dissident activists around the Telethon campaign in Chile between 2016-2020. Paying special attention to the meanings and practices that are played around the disability category. It problematizes the role played by the State and civil society in the dispute for political hegemony towards children with disabilities in Chile.<\/p>\n<p>Among the findings, the main theme is: 1) Economy of punishment: the dictatorship of charity and two sub-themes: 1.1) Manifesting discontent: actions against communicational and media authoritarianism; 1.2) Dismantling the enabling ideology: the shadow of solidarity.<\/p>\n<p>It is concluded that the difficulty in eradicating the campaign is based on a strategic alliance between the neoliberal model, charity and spectacle as a mechanism of social stratification and oppression.<\/p>","protected":false},"excerpt":{"rendered":"<p>The manuscript aims to present the political discourses of disability dissident activists around the Telethon campaign in Chile between 2016-2020. Paying special attention to the meanings and practices that are played around the disability category. It problematizes the role played by the State and civil society in the dispute for political hegemony towards children with [&hellip;]<\/p>\n","protected":false},"author":4,"featured_media":0,"comment_status":"open","ping_status":"open","sticky":false,"template":"","format":"standard","meta":{"_acf_changed":false,"footnotes":""},"categories":[16],"tags":[19],"class_list":["post-548","post","type-post","status-publish","format-standard","hentry","category-publications","tag-participacion-politica"],"acf":[],"yoast_head":"<!-- This site is optimized with the Yoast SEO plugin v25.6 - https:\/\/yoast.com\/wordpress\/plugins\/seo\/ -->\n<title><\/title>\n<meta name=\"robots\" content=\"index, follow, max-snippet:-1, max-image-preview:large, max-video-preview:-1\" \/>\n<link rel=\"canonical\" href=\"https:\/\/nucleodisca.cl\/neoliberalismo-y-campanas-teleton-en-chile-discursos-politicos-contra-la-dictadura-de-la-caridad\/\" \/>\n<meta property=\"og:locale\" content=\"en_US\" \/>\n<meta property=\"og:type\" content=\"article\" \/>\n<meta property=\"og:title\" content=\"[:es]Neoliberalismo y campa\u00f1as Telet\u00f3n en Chile: discursos pol\u00edticos contra la dictadura de la caridad[:] - N\u00facleo Disca\" \/>\n<meta property=\"og:description\" content=\"The manuscript aims to present the political discourses of disability dissident activists around the Telethon campaign in Chile between 2016-2020. Paying special attention to the meanings and practices that are played around the disability category. It problematizes the role played by the State and civil society in the dispute for political hegemony towards children with [&hellip;]\" \/>\n<meta property=\"og:url\" content=\"https:\/\/nucleodisca.cl\/neoliberalismo-y-campanas-teleton-en-chile-discursos-politicos-contra-la-dictadura-de-la-caridad\/\" \/>\n<meta property=\"og:site_name\" content=\"N\u00facleo Disca\" \/>\n<meta property=\"article:publisher\" content=\"https:\/\/www.facebook.com\/nucleodisca\" \/>\n<meta property=\"article:published_time\" content=\"2023-06-12T16:15:47+00:00\" \/>\n<meta property=\"article:modified_time\" content=\"2026-04-15T21:06:56+00:00\" \/>\n<meta name=\"author\" content=\"Andrea Medina\" \/>\n<meta name=\"twitter:card\" content=\"summary_large_image\" \/>\n<meta name=\"twitter:creator\" content=\"@NucleoDISCA\" \/>\n<meta name=\"twitter:site\" content=\"@NucleoDISCA\" \/>\n<meta name=\"twitter:label1\" content=\"Written by\" \/>\n\t<meta name=\"twitter:data1\" content=\"Andrea Medina\" \/>\n\t<meta name=\"twitter:label2\" content=\"Est. reading time\" \/>\n\t<meta name=\"twitter:data2\" content=\"1 minute\" \/>\n<script type=\"application\/ld+json\" class=\"yoast-schema-graph\">{\"@context\":\"https:\/\/schema.org\",\"@graph\":[{\"@type\":\"Article\",\"@id\":\"https:\/\/nucleodisca.cl\/neoliberalismo-y-campanas-teleton-en-chile-discursos-politicos-contra-la-dictadura-de-la-caridad\/#article\",\"isPartOf\":{\"@id\":\"https:\/\/nucleodisca.cl\/neoliberalismo-y-campanas-teleton-en-chile-discursos-politicos-contra-la-dictadura-de-la-caridad\/\"},\"author\":{\"name\":\"Andrea Medina\",\"@id\":\"https:\/\/nucleodisca.cl\/#\/schema\/person\/b42edcb08ececf3308d983810217cba1\"},\"headline\":\"(Espa\u00f1ol) Neoliberalismo y campa\u00f1as Telet\u00f3n en Chile: discursos pol\u00edticos contra la dictadura de la caridad\",\"datePublished\":\"2023-06-12T16:15:47+00:00\",\"dateModified\":\"2026-04-15T21:06:56+00:00\",\"mainEntityOfPage\":{\"@id\":\"https:\/\/nucleodisca.cl\/neoliberalismo-y-campanas-teleton-en-chile-discursos-politicos-contra-la-dictadura-de-la-caridad\/\"},\"wordCount\":303,\"commentCount\":0,\"publisher\":{\"@id\":\"https:\/\/nucleodisca.cl\/#organization\"},\"keywords\":[\"Participaci\u00f3n pol\u00edtica\"],\"articleSection\":[\"Scientific Publications\"],\"inLanguage\":\"en-US\",\"potentialAction\":[{\"@type\":\"CommentAction\",\"name\":\"Comment\",\"target\":[\"https:\/\/nucleodisca.cl\/neoliberalismo-y-campanas-teleton-en-chile-discursos-politicos-contra-la-dictadura-de-la-caridad\/#respond\"]}]},{\"@type\":\"WebPage\",\"@id\":\"https:\/\/nucleodisca.cl\/neoliberalismo-y-campanas-teleton-en-chile-discursos-politicos-contra-la-dictadura-de-la-caridad\/\",\"url\":\"https:\/\/nucleodisca.cl\/neoliberalismo-y-campanas-teleton-en-chile-discursos-politicos-contra-la-dictadura-de-la-caridad\/\",\"name\":\"[:es]Neoliberalismo y campa\u00f1as Telet\u00f3n en Chile: discursos pol\u00edticos contra la dictadura de la caridad[:] - N\u00facleo Disca\",\"isPartOf\":{\"@id\":\"https:\/\/nucleodisca.cl\/#website\"},\"datePublished\":\"2023-06-12T16:15:47+00:00\",\"dateModified\":\"2026-04-15T21:06:56+00:00\",\"breadcrumb\":{\"@id\":\"https:\/\/nucleodisca.cl\/neoliberalismo-y-campanas-teleton-en-chile-discursos-politicos-contra-la-dictadura-de-la-caridad\/#breadcrumb\"},\"inLanguage\":\"en-US\",\"potentialAction\":[{\"@type\":\"ReadAction\",\"target\":[\"https:\/\/nucleodisca.cl\/neoliberalismo-y-campanas-teleton-en-chile-discursos-politicos-contra-la-dictadura-de-la-caridad\/\"]}]},{\"@type\":\"BreadcrumbList\",\"@id\":\"https:\/\/nucleodisca.cl\/neoliberalismo-y-campanas-teleton-en-chile-discursos-politicos-contra-la-dictadura-de-la-caridad\/#breadcrumb\",\"itemListElement\":[{\"@type\":\"ListItem\",\"position\":1,\"name\":\"Portada\",\"item\":\"https:\/\/nucleodisca.cl\/\"},{\"@type\":\"ListItem\",\"position\":2,\"name\":\"Neoliberalismo y campa\u00f1as Telet\u00f3n en Chile: discursos pol\u00edticos contra la dictadura de la caridad\"}]},{\"@type\":\"WebSite\",\"@id\":\"https:\/\/nucleodisca.cl\/#website\",\"url\":\"https:\/\/nucleodisca.cl\/\",\"name\":\"N\u00facleo Disca\",\"description\":\"Disability and citizenship\",\"publisher\":{\"@id\":\"https:\/\/nucleodisca.cl\/#organization\"},\"potentialAction\":[{\"@type\":\"SearchAction\",\"target\":{\"@type\":\"EntryPoint\",\"urlTemplate\":\"https:\/\/nucleodisca.cl\/?s={search_term_string}\"},\"query-input\":{\"@type\":\"PropertyValueSpecification\",\"valueRequired\":true,\"valueName\":\"search_term_string\"}}],\"inLanguage\":\"en-US\"},{\"@type\":\"Organization\",\"@id\":\"https:\/\/nucleodisca.cl\/#organization\",\"name\":\"N\u00facleo Milenio Disca\",\"url\":\"https:\/\/nucleodisca.cl\/\",\"logo\":{\"@type\":\"ImageObject\",\"inLanguage\":\"en-US\",\"@id\":\"https:\/\/nucleodisca.cl\/#\/schema\/logo\/image\/\",\"url\":\"https:\/\/nucleodisca.cl\/cms\/wp-content\/uploads\/2023\/10\/DISCA-2-NEGRO-COLOR-A.png\",\"contentUrl\":\"https:\/\/nucleodisca.cl\/cms\/wp-content\/uploads\/2023\/10\/DISCA-2-NEGRO-COLOR-A.png\",\"width\":3319,\"height\":1759,\"caption\":\"N\u00facleo Milenio Disca\"},\"image\":{\"@id\":\"https:\/\/nucleodisca.cl\/#\/schema\/logo\/image\/\"},\"sameAs\":[\"https:\/\/www.facebook.com\/nucleodisca\",\"https:\/\/x.com\/NucleoDISCA\",\"https:\/\/www.instagram.com\/nucleodisca\/\",\"https:\/\/www.linkedin.com\/in\/andreaocampocea\/\"]},{\"@type\":\"Person\",\"@id\":\"https:\/\/nucleodisca.cl\/#\/schema\/person\/b42edcb08ececf3308d983810217cba1\",\"name\":\"Andrea Medina\",\"image\":{\"@type\":\"ImageObject\",\"inLanguage\":\"en-US\",\"@id\":\"https:\/\/nucleodisca.cl\/#\/schema\/person\/image\/\",\"url\":\"https:\/\/secure.gravatar.com\/avatar\/86472d0fda5788ab63efd50af58d8bf28314af02056a12b425db9d2208d3bd1c?s=96&d=mm&r=g\",\"contentUrl\":\"https:\/\/secure.gravatar.com\/avatar\/86472d0fda5788ab63efd50af58d8bf28314af02056a12b425db9d2208d3bd1c?s=96&d=mm&r=g\",\"caption\":\"Andrea Medina\"},\"url\":\"https:\/\/nucleodisca.cl\/en\/author\/andrea-medina\/\"}]}<\/script>\n<!-- \/ Yoast SEO plugin. -->","yoast_head_json":{"title":"[:es]Neoliberalismo y campa\u00f1as Telet\u00f3n en Chile: discursos pol\u00edticos contra la dictadura de la caridad[:] - N\u00facleo Disca","robots":{"index":"index","follow":"follow","max-snippet":"max-snippet:-1","max-image-preview":"max-image-preview:large","max-video-preview":"max-video-preview:-1"},"canonical":"https:\/\/nucleodisca.cl\/neoliberalismo-y-campanas-teleton-en-chile-discursos-politicos-contra-la-dictadura-de-la-caridad\/","og_locale":"en_US","og_type":"article","og_title":"[:es]Neoliberalismo y campa\u00f1as Telet\u00f3n en Chile: discursos pol\u00edticos contra la dictadura de la caridad[:] - N\u00facleo Disca","og_description":"The manuscript aims to present the political discourses of disability dissident activists around the Telethon campaign in Chile between 2016-2020. Paying special attention to the meanings and practices that are played around the disability category. It problematizes the role played by the State and civil society in the dispute for political hegemony towards children with [&hellip;]","og_url":"https:\/\/nucleodisca.cl\/neoliberalismo-y-campanas-teleton-en-chile-discursos-politicos-contra-la-dictadura-de-la-caridad\/","og_site_name":"N\u00facleo Disca","article_publisher":"https:\/\/www.facebook.com\/nucleodisca","article_published_time":"2023-06-12T16:15:47+00:00","article_modified_time":"2026-04-15T21:06:56+00:00","author":"Andrea Medina","twitter_card":"summary_large_image","twitter_creator":"@NucleoDISCA","twitter_site":"@NucleoDISCA","twitter_misc":{"Written by":"Andrea Medina","Est. reading time":"1 minute"},"schema":{"@context":"https:\/\/schema.org","@graph":[{"@type":"Article","@id":"https:\/\/nucleodisca.cl\/neoliberalismo-y-campanas-teleton-en-chile-discursos-politicos-contra-la-dictadura-de-la-caridad\/#article","isPartOf":{"@id":"https:\/\/nucleodisca.cl\/neoliberalismo-y-campanas-teleton-en-chile-discursos-politicos-contra-la-dictadura-de-la-caridad\/"},"author":{"name":"Andrea Medina","@id":"https:\/\/nucleodisca.cl\/#\/schema\/person\/b42edcb08ececf3308d983810217cba1"},"headline":"(Espa\u00f1ol) Neoliberalismo y campa\u00f1as Telet\u00f3n en Chile: discursos pol\u00edticos contra la dictadura de la caridad","datePublished":"2023-06-12T16:15:47+00:00","dateModified":"2026-04-15T21:06:56+00:00","mainEntityOfPage":{"@id":"https:\/\/nucleodisca.cl\/neoliberalismo-y-campanas-teleton-en-chile-discursos-politicos-contra-la-dictadura-de-la-caridad\/"},"wordCount":303,"commentCount":0,"publisher":{"@id":"https:\/\/nucleodisca.cl\/#organization"},"keywords":["Participaci\u00f3n pol\u00edtica"],"articleSection":["Scientific Publications"],"inLanguage":"en-US","potentialAction":[{"@type":"CommentAction","name":"Comment","target":["https:\/\/nucleodisca.cl\/neoliberalismo-y-campanas-teleton-en-chile-discursos-politicos-contra-la-dictadura-de-la-caridad\/#respond"]}]},{"@type":"WebPage","@id":"https:\/\/nucleodisca.cl\/neoliberalismo-y-campanas-teleton-en-chile-discursos-politicos-contra-la-dictadura-de-la-caridad\/","url":"https:\/\/nucleodisca.cl\/neoliberalismo-y-campanas-teleton-en-chile-discursos-politicos-contra-la-dictadura-de-la-caridad\/","name":"[:es]Neoliberalismo y campa\u00f1as Telet\u00f3n en Chile: discursos pol\u00edticos contra la dictadura de la caridad[:] - N\u00facleo Disca","isPartOf":{"@id":"https:\/\/nucleodisca.cl\/#website"},"datePublished":"2023-06-12T16:15:47+00:00","dateModified":"2026-04-15T21:06:56+00:00","breadcrumb":{"@id":"https:\/\/nucleodisca.cl\/neoliberalismo-y-campanas-teleton-en-chile-discursos-politicos-contra-la-dictadura-de-la-caridad\/#breadcrumb"},"inLanguage":"en-US","potentialAction":[{"@type":"ReadAction","target":["https:\/\/nucleodisca.cl\/neoliberalismo-y-campanas-teleton-en-chile-discursos-politicos-contra-la-dictadura-de-la-caridad\/"]}]},{"@type":"BreadcrumbList","@id":"https:\/\/nucleodisca.cl\/neoliberalismo-y-campanas-teleton-en-chile-discursos-politicos-contra-la-dictadura-de-la-caridad\/#breadcrumb","itemListElement":[{"@type":"ListItem","position":1,"name":"Portada","item":"https:\/\/nucleodisca.cl\/"},{"@type":"ListItem","position":2,"name":"Neoliberalismo y campa\u00f1as Telet\u00f3n en Chile: discursos pol\u00edticos contra la dictadura de la caridad"}]},{"@type":"WebSite","@id":"https:\/\/nucleodisca.cl\/#website","url":"https:\/\/nucleodisca.cl\/","name":"N\u00facleo Disca","description":"Disability and citizenship","publisher":{"@id":"https:\/\/nucleodisca.cl\/#organization"},"potentialAction":[{"@type":"SearchAction","target":{"@type":"EntryPoint","urlTemplate":"https:\/\/nucleodisca.cl\/?s={search_term_string}"},"query-input":{"@type":"PropertyValueSpecification","valueRequired":true,"valueName":"search_term_string"}}],"inLanguage":"en-US"},{"@type":"Organization","@id":"https:\/\/nucleodisca.cl\/#organization","name":"N\u00facleo Milenio Disca","url":"https:\/\/nucleodisca.cl\/","logo":{"@type":"ImageObject","inLanguage":"en-US","@id":"https:\/\/nucleodisca.cl\/#\/schema\/logo\/image\/","url":"https:\/\/nucleodisca.cl\/cms\/wp-content\/uploads\/2023\/10\/DISCA-2-NEGRO-COLOR-A.png","contentUrl":"https:\/\/nucleodisca.cl\/cms\/wp-content\/uploads\/2023\/10\/DISCA-2-NEGRO-COLOR-A.png","width":3319,"height":1759,"caption":"N\u00facleo Milenio Disca"},"image":{"@id":"https:\/\/nucleodisca.cl\/#\/schema\/logo\/image\/"},"sameAs":["https:\/\/www.facebook.com\/nucleodisca","https:\/\/x.com\/NucleoDISCA","https:\/\/www.instagram.com\/nucleodisca\/","https:\/\/www.linkedin.com\/in\/andreaocampocea\/"]},{"@type":"Person","@id":"https:\/\/nucleodisca.cl\/#\/schema\/person\/b42edcb08ececf3308d983810217cba1","name":"Andrea Medina","image":{"@type":"ImageObject","inLanguage":"en-US","@id":"https:\/\/nucleodisca.cl\/#\/schema\/person\/image\/","url":"https:\/\/secure.gravatar.com\/avatar\/86472d0fda5788ab63efd50af58d8bf28314af02056a12b425db9d2208d3bd1c?s=96&d=mm&r=g","contentUrl":"https:\/\/secure.gravatar.com\/avatar\/86472d0fda5788ab63efd50af58d8bf28314af02056a12b425db9d2208d3bd1c?s=96&d=mm&r=g","caption":"Andrea Medina"},"url":"https:\/\/nucleodisca.cl\/en\/author\/andrea-medina\/"}]}},"_links":{"self":[{"href":"https:\/\/nucleodisca.cl\/en\/wp-json\/wp\/v2\/posts\/548","targetHints":{"allow":["GET"]}}],"collection":[{"href":"https:\/\/nucleodisca.cl\/en\/wp-json\/wp\/v2\/posts"}],"about":[{"href":"https:\/\/nucleodisca.cl\/en\/wp-json\/wp\/v2\/types\/post"}],"author":[{"embeddable":true,"href":"https:\/\/nucleodisca.cl\/en\/wp-json\/wp\/v2\/users\/4"}],"replies":[{"embeddable":true,"href":"https:\/\/nucleodisca.cl\/en\/wp-json\/wp\/v2\/comments?post=548"}],"version-history":[{"count":2,"href":"https:\/\/nucleodisca.cl\/en\/wp-json\/wp\/v2\/posts\/548\/revisions"}],"predecessor-version":[{"id":550,"href":"https:\/\/nucleodisca.cl\/en\/wp-json\/wp\/v2\/posts\/548\/revisions\/550"}],"wp:attachment":[{"href":"https:\/\/nucleodisca.cl\/en\/wp-json\/wp\/v2\/media?parent=548"}],"wp:term":[{"taxonomy":"category","embeddable":true,"href":"https:\/\/nucleodisca.cl\/en\/wp-json\/wp\/v2\/categories?post=548"},{"taxonomy":"post_tag","embeddable":true,"href":"https:\/\/nucleodisca.cl\/en\/wp-json\/wp\/v2\/tags?post=548"}],"curies":[{"name":"wp","href":"https:\/\/api.w.org\/{rel}","templated":true}]}}