{"id":551,"date":"2023-07-11T16:39:38","date_gmt":"2023-07-11T19:39:38","guid":{"rendered":"https:\/\/nucleodisca.cl\/?p=551"},"modified":"2023-11-07T12:34:41","modified_gmt":"2023-11-07T15:34:41","slug":"nucleo-milenio-disca-busca-coordinador-a-de-comunicaciones","status":"publish","type":"post","link":"https:\/\/nucleodisca.cl\/en\/nucleo-milenio-disca-busca-coordinador-a-de-comunicaciones\/","title":{"rendered":"DISCA Millennium Nucleus seeks communications coordinator"},"content":{"rendered":"<p>In the Millennium Nucleus DISCA we are looking for a professional in the area of communications for the position of Communications Coordinator, who must have an interest in disability and inclusion issues and stand out for their proactivity, creativity and autonomy in the work.<\/p>\n<p>Its main task will be to position the Nucleus as a reference in the national discussion related to disability and citizenship, producing and disseminating content on the knowledge generated to other areas of society.<span class=\"Apple-converted-space\">\u00a0<\/span><\/p>\n<p>In addition, he\/she will have to carry out media management, produce activities, carry out inter-institutional coordination, keep records of the actions of the Nucleus, among other actions of his\/her work, which are detailed in t<a href=\"https:\/\/nucleodisca.cl\/cms\/wp-content\/uploads\/2023\/07\/Llamado-Coordinacion-de-Comunicaciones-DISCA-julio-2023.pdf\"><strong>he document called DISCA Communications Coordination.<\/strong><\/a><span class=\"Apple-converted-space\">\u00a0<\/span><\/p>\n<p>This is a full-time job in hybrid format, with flexible schedule and attendance to defined periodic meetings. The position reports to the DISCA General Coordinator and has no staff.<\/p>\n<p>Those interested in applying must meet the following requirements:<\/p>\n<ul>\n<li>Professional degree linked to the communications area.<span class=\"Apple-converted-space\">\u00a0<\/span><\/li>\n<li>Three years of work experience in positions related to communications areas.<span class=\"Apple-converted-space\">\u00a0<\/span><\/li>\n<li>Good writing and spelling skills.<span class=\"Apple-converted-space\">\u00a0<\/span><\/li>\n<li>Proactivity, creativity and autonomy at work.<span class=\"Apple-converted-space\">\u00a0<\/span><\/li>\n<li>Ability to work in multidisciplinary and diverse teams.<span class=\"Apple-converted-space\">\u00a0<\/span><\/li>\n<li>Knowledge of accessibility measures in communications for people with disabilities.<span class=\"Apple-converted-space\">\u00a0<\/span><\/li>\n<li>Intermediate knowledge of English, both spoken and written.<\/li>\n<li>In addition, you must have specific knowledge in certain technological tools, described in the DISCA Communications Coordination Call document.<\/li>\n<li>To apply, the following documents must be submitted:<\/li>\n<li>Resume with current contact of at least 2 references.<\/li>\n<li>A simple copy of the professional title.<span class=\"Apple-converted-space\">\u00a0<\/span><\/li>\n<li>Motivation letter stating why you are interested in the position.<span class=\"Apple-converted-space\">\u00a0<\/span><\/li>\n<li>The deadline for applications is Wednesday, July 19, 2023 and should be sent via email to contacto@nucleodisca.cl.<\/li>\n<\/ul>\n<p>If the applicant requires any adjustment for the evaluation process will be consulted prior to the interview. This in no case will generate discrimination in the selection process, on the contrary, seeks to ensure equal opportunities.<\/p>\n<p>Selected applicants will be invited to an online interview at the end of July.<\/p>","protected":false},"excerpt":{"rendered":"<p>In the Millennium Nucleus DISCA we are looking for a professional in the area of communications for the position of Communications Coordinator, who must have an interest in disability and inclusion issues and stand out for their proactivity, creativity and autonomy in the work. Its main task will be to position the Nucleus as a [&hellip;]<\/p>\n","protected":false},"author":4,"featured_media":555,"comment_status":"open","ping_status":"open","sticky":false,"template":"","format":"standard","meta":{"_acf_changed":false,"footnotes":""},"categories":[2],"tags":[14],"class_list":["post-551","post","type-post","status-publish","format-standard","has-post-thumbnail","hentry","category-noticias","tag-nucleo-milenio-disca"],"acf":[],"yoast_head":"<!-- This site is optimized with the Yoast SEO plugin v25.6 - https:\/\/yoast.com\/wordpress\/plugins\/seo\/ -->\n<title>DISCA Millennium Nucleus seeks communications coordinator - N\u00facleo Disca<\/title>\n<meta name=\"robots\" content=\"index, follow, max-snippet:-1, max-image-preview:large, max-video-preview:-1\" \/>\n<link rel=\"canonical\" href=\"https:\/\/nucleodisca.cl\/nucleo-milenio-disca-busca-coordinador-a-de-comunicaciones\/\" \/>\n<meta property=\"og:locale\" content=\"en_US\" \/>\n<meta property=\"og:type\" content=\"article\" \/>\n<meta property=\"og:title\" content=\"[:es]N\u00facleo Milenio DISCA busca coordinador\/a de comunicaciones[:en]DISCA Millennium Nucleus seeks communications coordinator[:] - N\u00facleo Disca\" \/>\n<meta property=\"og:description\" content=\"In the Millennium Nucleus DISCA we are looking for a professional in the area of communications for the position of Communications Coordinator, who must have an interest in disability and inclusion issues and stand out for their proactivity, creativity and autonomy in the work. Its main task will be to position the Nucleus as a [&hellip;]\" \/>\n<meta property=\"og:url\" content=\"https:\/\/nucleodisca.cl\/nucleo-milenio-disca-busca-coordinador-a-de-comunicaciones\/\" \/>\n<meta property=\"og:site_name\" content=\"N\u00facleo Disca\" \/>\n<meta property=\"article:publisher\" content=\"https:\/\/www.facebook.com\/nucleodisca\" \/>\n<meta property=\"article:published_time\" content=\"2023-07-11T19:39:38+00:00\" \/>\n<meta property=\"article:modified_time\" content=\"2023-11-07T15:34:41+00:00\" \/>\n<meta property=\"og:image\" content=\"https:\/\/nucleodisca.cl\/cms\/wp-content\/uploads\/2023\/07\/Nucleo-DISCA-busca-post-doctor.png\" \/>\n\t<meta property=\"og:image:width\" content=\"1080\" \/>\n\t<meta property=\"og:image:height\" content=\"1080\" \/>\n\t<meta property=\"og:image:type\" content=\"image\/png\" \/>\n<meta name=\"author\" content=\"Andrea Medina\" \/>\n<meta name=\"twitter:card\" content=\"summary_large_image\" \/>\n<meta name=\"twitter:creator\" content=\"@NucleoDISCA\" \/>\n<meta name=\"twitter:site\" content=\"@NucleoDISCA\" \/>\n<meta name=\"twitter:label1\" content=\"Written by\" \/>\n\t<meta name=\"twitter:data1\" content=\"Andrea Medina\" \/>\n\t<meta name=\"twitter:label2\" content=\"Est. reading time\" \/>\n\t<meta name=\"twitter:data2\" content=\"2 minutes\" \/>\n<script type=\"application\/ld+json\" class=\"yoast-schema-graph\">{\"@context\":\"https:\/\/schema.org\",\"@graph\":[{\"@type\":\"Article\",\"@id\":\"https:\/\/nucleodisca.cl\/nucleo-milenio-disca-busca-coordinador-a-de-comunicaciones\/#article\",\"isPartOf\":{\"@id\":\"https:\/\/nucleodisca.cl\/nucleo-milenio-disca-busca-coordinador-a-de-comunicaciones\/\"},\"author\":{\"name\":\"Andrea Medina\",\"@id\":\"https:\/\/nucleodisca.cl\/#\/schema\/person\/b42edcb08ececf3308d983810217cba1\"},\"headline\":\"DISCA Millennium Nucleus seeks communications coordinator\",\"datePublished\":\"2023-07-11T19:39:38+00:00\",\"dateModified\":\"2023-11-07T15:34:41+00:00\",\"mainEntityOfPage\":{\"@id\":\"https:\/\/nucleodisca.cl\/nucleo-milenio-disca-busca-coordinador-a-de-comunicaciones\/\"},\"wordCount\":738,\"commentCount\":0,\"publisher\":{\"@id\":\"https:\/\/nucleodisca.cl\/#organization\"},\"image\":{\"@id\":\"https:\/\/nucleodisca.cl\/nucleo-milenio-disca-busca-coordinador-a-de-comunicaciones\/#primaryimage\"},\"thumbnailUrl\":\"https:\/\/nucleodisca.cl\/cms\/wp-content\/uploads\/2023\/07\/Nucleo-DISCA-busca-post-doctor.png\",\"keywords\":[\"N\u00facleo Milenio DISCA\"],\"articleSection\":[\"News\"],\"inLanguage\":\"en-US\",\"potentialAction\":[{\"@type\":\"CommentAction\",\"name\":\"Comment\",\"target\":[\"https:\/\/nucleodisca.cl\/nucleo-milenio-disca-busca-coordinador-a-de-comunicaciones\/#respond\"]}]},{\"@type\":\"WebPage\",\"@id\":\"https:\/\/nucleodisca.cl\/nucleo-milenio-disca-busca-coordinador-a-de-comunicaciones\/\",\"url\":\"https:\/\/nucleodisca.cl\/nucleo-milenio-disca-busca-coordinador-a-de-comunicaciones\/\",\"name\":\"[:es]N\u00facleo Milenio DISCA busca coordinador\/a de comunicaciones[:en]DISCA Millennium Nucleus seeks communications coordinator[:] - N\u00facleo Disca\",\"isPartOf\":{\"@id\":\"https:\/\/nucleodisca.cl\/#website\"},\"primaryImageOfPage\":{\"@id\":\"https:\/\/nucleodisca.cl\/nucleo-milenio-disca-busca-coordinador-a-de-comunicaciones\/#primaryimage\"},\"image\":{\"@id\":\"https:\/\/nucleodisca.cl\/nucleo-milenio-disca-busca-coordinador-a-de-comunicaciones\/#primaryimage\"},\"thumbnailUrl\":\"https:\/\/nucleodisca.cl\/cms\/wp-content\/uploads\/2023\/07\/Nucleo-DISCA-busca-post-doctor.png\",\"datePublished\":\"2023-07-11T19:39:38+00:00\",\"dateModified\":\"2023-11-07T15:34:41+00:00\",\"breadcrumb\":{\"@id\":\"https:\/\/nucleodisca.cl\/nucleo-milenio-disca-busca-coordinador-a-de-comunicaciones\/#breadcrumb\"},\"inLanguage\":\"en-US\",\"potentialAction\":[{\"@type\":\"ReadAction\",\"target\":[\"https:\/\/nucleodisca.cl\/nucleo-milenio-disca-busca-coordinador-a-de-comunicaciones\/\"]}]},{\"@type\":\"ImageObject\",\"inLanguage\":\"en-US\",\"@id\":\"https:\/\/nucleodisca.cl\/nucleo-milenio-disca-busca-coordinador-a-de-comunicaciones\/#primaryimage\",\"url\":\"https:\/\/nucleodisca.cl\/cms\/wp-content\/uploads\/2023\/07\/Nucleo-DISCA-busca-post-doctor.png\",\"contentUrl\":\"https:\/\/nucleodisca.cl\/cms\/wp-content\/uploads\/2023\/07\/Nucleo-DISCA-busca-post-doctor.png\",\"width\":1080,\"height\":1080,\"caption\":\"Ilustraci\u00f3n de una hoja de post-it sobre un fondo de madera, en la que dice: N\u00facleo Milenio DISCA busca Coordinador\/a de Comunicaciones. Buscamos a un\/a profesional del \u00e1rea de las comunicaciones, que tenga inter\u00e9s por temas de discapacidad e inclusi\u00f3n y se destaque por su proactividad, creatividad y autonom\u00eda en el trabajo. Postulaci\u00f3n abierta hasta el mi\u00e9rcoles 19 de julio de 2023. M\u00e1s informaci\u00f3n en www.nucleodisca.cl. En el borde inferior hay varias letras i con diversas formas y colores.\"},{\"@type\":\"BreadcrumbList\",\"@id\":\"https:\/\/nucleodisca.cl\/nucleo-milenio-disca-busca-coordinador-a-de-comunicaciones\/#breadcrumb\",\"itemListElement\":[{\"@type\":\"ListItem\",\"position\":1,\"name\":\"Portada\",\"item\":\"https:\/\/nucleodisca.cl\/\"},{\"@type\":\"ListItem\",\"position\":2,\"name\":\"N\u00facleo Milenio DISCA busca coordinador\/a de comunicaciones\"}]},{\"@type\":\"WebSite\",\"@id\":\"https:\/\/nucleodisca.cl\/#website\",\"url\":\"https:\/\/nucleodisca.cl\/\",\"name\":\"N\u00facleo Disca\",\"description\":\"Disability and citizenship\",\"publisher\":{\"@id\":\"https:\/\/nucleodisca.cl\/#organization\"},\"potentialAction\":[{\"@type\":\"SearchAction\",\"target\":{\"@type\":\"EntryPoint\",\"urlTemplate\":\"https:\/\/nucleodisca.cl\/?s={search_term_string}\"},\"query-input\":{\"@type\":\"PropertyValueSpecification\",\"valueRequired\":true,\"valueName\":\"search_term_string\"}}],\"inLanguage\":\"en-US\"},{\"@type\":\"Organization\",\"@id\":\"https:\/\/nucleodisca.cl\/#organization\",\"name\":\"N\u00facleo Milenio Disca\",\"url\":\"https:\/\/nucleodisca.cl\/\",\"logo\":{\"@type\":\"ImageObject\",\"inLanguage\":\"en-US\",\"@id\":\"https:\/\/nucleodisca.cl\/#\/schema\/logo\/image\/\",\"url\":\"https:\/\/nucleodisca.cl\/cms\/wp-content\/uploads\/2023\/10\/DISCA-2-NEGRO-COLOR-A.png\",\"contentUrl\":\"https:\/\/nucleodisca.cl\/cms\/wp-content\/uploads\/2023\/10\/DISCA-2-NEGRO-COLOR-A.png\",\"width\":3319,\"height\":1759,\"caption\":\"N\u00facleo Milenio Disca\"},\"image\":{\"@id\":\"https:\/\/nucleodisca.cl\/#\/schema\/logo\/image\/\"},\"sameAs\":[\"https:\/\/www.facebook.com\/nucleodisca\",\"https:\/\/x.com\/NucleoDISCA\",\"https:\/\/www.instagram.com\/nucleodisca\/\",\"https:\/\/www.linkedin.com\/in\/andreaocampocea\/\"]},{\"@type\":\"Person\",\"@id\":\"https:\/\/nucleodisca.cl\/#\/schema\/person\/b42edcb08ececf3308d983810217cba1\",\"name\":\"Andrea Medina\",\"image\":{\"@type\":\"ImageObject\",\"inLanguage\":\"en-US\",\"@id\":\"https:\/\/nucleodisca.cl\/#\/schema\/person\/image\/\",\"url\":\"https:\/\/secure.gravatar.com\/avatar\/86472d0fda5788ab63efd50af58d8bf28314af02056a12b425db9d2208d3bd1c?s=96&d=mm&r=g\",\"contentUrl\":\"https:\/\/secure.gravatar.com\/avatar\/86472d0fda5788ab63efd50af58d8bf28314af02056a12b425db9d2208d3bd1c?s=96&d=mm&r=g\",\"caption\":\"Andrea Medina\"},\"url\":\"https:\/\/nucleodisca.cl\/en\/author\/andrea-medina\/\"}]}<\/script>\n<!-- \/ Yoast SEO plugin. -->","yoast_head_json":{"title":"[:es]N\u00facleo Milenio DISCA busca coordinador\/a de comunicaciones[:en]DISCA Millennium Nucleus seeks communications coordinator[:] - N\u00facleo Disca","robots":{"index":"index","follow":"follow","max-snippet":"max-snippet:-1","max-image-preview":"max-image-preview:large","max-video-preview":"max-video-preview:-1"},"canonical":"https:\/\/nucleodisca.cl\/nucleo-milenio-disca-busca-coordinador-a-de-comunicaciones\/","og_locale":"en_US","og_type":"article","og_title":"[:es]N\u00facleo Milenio DISCA busca coordinador\/a de comunicaciones[:en]DISCA Millennium Nucleus seeks communications coordinator[:] - N\u00facleo Disca","og_description":"In the Millennium Nucleus DISCA we are looking for a professional in the area of communications for the position of Communications Coordinator, who must have an interest in disability and inclusion issues and stand out for their proactivity, creativity and autonomy in the work. Its main task will be to position the Nucleus as a [&hellip;]","og_url":"https:\/\/nucleodisca.cl\/nucleo-milenio-disca-busca-coordinador-a-de-comunicaciones\/","og_site_name":"N\u00facleo Disca","article_publisher":"https:\/\/www.facebook.com\/nucleodisca","article_published_time":"2023-07-11T19:39:38+00:00","article_modified_time":"2023-11-07T15:34:41+00:00","og_image":[{"width":1080,"height":1080,"url":"https:\/\/nucleodisca.cl\/cms\/wp-content\/uploads\/2023\/07\/Nucleo-DISCA-busca-post-doctor.png","type":"image\/png"}],"author":"Andrea Medina","twitter_card":"summary_large_image","twitter_creator":"@NucleoDISCA","twitter_site":"@NucleoDISCA","twitter_misc":{"Written by":"Andrea Medina","Est. reading time":"2 minutes"},"schema":{"@context":"https:\/\/schema.org","@graph":[{"@type":"Article","@id":"https:\/\/nucleodisca.cl\/nucleo-milenio-disca-busca-coordinador-a-de-comunicaciones\/#article","isPartOf":{"@id":"https:\/\/nucleodisca.cl\/nucleo-milenio-disca-busca-coordinador-a-de-comunicaciones\/"},"author":{"name":"Andrea Medina","@id":"https:\/\/nucleodisca.cl\/#\/schema\/person\/b42edcb08ececf3308d983810217cba1"},"headline":"DISCA Millennium Nucleus seeks communications coordinator","datePublished":"2023-07-11T19:39:38+00:00","dateModified":"2023-11-07T15:34:41+00:00","mainEntityOfPage":{"@id":"https:\/\/nucleodisca.cl\/nucleo-milenio-disca-busca-coordinador-a-de-comunicaciones\/"},"wordCount":738,"commentCount":0,"publisher":{"@id":"https:\/\/nucleodisca.cl\/#organization"},"image":{"@id":"https:\/\/nucleodisca.cl\/nucleo-milenio-disca-busca-coordinador-a-de-comunicaciones\/#primaryimage"},"thumbnailUrl":"https:\/\/nucleodisca.cl\/cms\/wp-content\/uploads\/2023\/07\/Nucleo-DISCA-busca-post-doctor.png","keywords":["N\u00facleo Milenio DISCA"],"articleSection":["News"],"inLanguage":"en-US","potentialAction":[{"@type":"CommentAction","name":"Comment","target":["https:\/\/nucleodisca.cl\/nucleo-milenio-disca-busca-coordinador-a-de-comunicaciones\/#respond"]}]},{"@type":"WebPage","@id":"https:\/\/nucleodisca.cl\/nucleo-milenio-disca-busca-coordinador-a-de-comunicaciones\/","url":"https:\/\/nucleodisca.cl\/nucleo-milenio-disca-busca-coordinador-a-de-comunicaciones\/","name":"[:es]N\u00facleo Milenio DISCA busca coordinador\/a de comunicaciones[:en]DISCA Millennium Nucleus seeks communications coordinator[:] - N\u00facleo Disca","isPartOf":{"@id":"https:\/\/nucleodisca.cl\/#website"},"primaryImageOfPage":{"@id":"https:\/\/nucleodisca.cl\/nucleo-milenio-disca-busca-coordinador-a-de-comunicaciones\/#primaryimage"},"image":{"@id":"https:\/\/nucleodisca.cl\/nucleo-milenio-disca-busca-coordinador-a-de-comunicaciones\/#primaryimage"},"thumbnailUrl":"https:\/\/nucleodisca.cl\/cms\/wp-content\/uploads\/2023\/07\/Nucleo-DISCA-busca-post-doctor.png","datePublished":"2023-07-11T19:39:38+00:00","dateModified":"2023-11-07T15:34:41+00:00","breadcrumb":{"@id":"https:\/\/nucleodisca.cl\/nucleo-milenio-disca-busca-coordinador-a-de-comunicaciones\/#breadcrumb"},"inLanguage":"en-US","potentialAction":[{"@type":"ReadAction","target":["https:\/\/nucleodisca.cl\/nucleo-milenio-disca-busca-coordinador-a-de-comunicaciones\/"]}]},{"@type":"ImageObject","inLanguage":"en-US","@id":"https:\/\/nucleodisca.cl\/nucleo-milenio-disca-busca-coordinador-a-de-comunicaciones\/#primaryimage","url":"https:\/\/nucleodisca.cl\/cms\/wp-content\/uploads\/2023\/07\/Nucleo-DISCA-busca-post-doctor.png","contentUrl":"https:\/\/nucleodisca.cl\/cms\/wp-content\/uploads\/2023\/07\/Nucleo-DISCA-busca-post-doctor.png","width":1080,"height":1080,"caption":"Ilustraci\u00f3n de una hoja de post-it sobre un fondo de madera, en la que dice: N\u00facleo Milenio DISCA busca Coordinador\/a de Comunicaciones. Buscamos a un\/a profesional del \u00e1rea de las comunicaciones, que tenga inter\u00e9s por temas de discapacidad e inclusi\u00f3n y se destaque por su proactividad, creatividad y autonom\u00eda en el trabajo. Postulaci\u00f3n abierta hasta el mi\u00e9rcoles 19 de julio de 2023. M\u00e1s informaci\u00f3n en www.nucleodisca.cl. En el borde inferior hay varias letras i con diversas formas y colores."},{"@type":"BreadcrumbList","@id":"https:\/\/nucleodisca.cl\/nucleo-milenio-disca-busca-coordinador-a-de-comunicaciones\/#breadcrumb","itemListElement":[{"@type":"ListItem","position":1,"name":"Portada","item":"https:\/\/nucleodisca.cl\/"},{"@type":"ListItem","position":2,"name":"N\u00facleo Milenio DISCA busca coordinador\/a de comunicaciones"}]},{"@type":"WebSite","@id":"https:\/\/nucleodisca.cl\/#website","url":"https:\/\/nucleodisca.cl\/","name":"N\u00facleo Disca","description":"Disability and citizenship","publisher":{"@id":"https:\/\/nucleodisca.cl\/#organization"},"potentialAction":[{"@type":"SearchAction","target":{"@type":"EntryPoint","urlTemplate":"https:\/\/nucleodisca.cl\/?s={search_term_string}"},"query-input":{"@type":"PropertyValueSpecification","valueRequired":true,"valueName":"search_term_string"}}],"inLanguage":"en-US"},{"@type":"Organization","@id":"https:\/\/nucleodisca.cl\/#organization","name":"N\u00facleo Milenio Disca","url":"https:\/\/nucleodisca.cl\/","logo":{"@type":"ImageObject","inLanguage":"en-US","@id":"https:\/\/nucleodisca.cl\/#\/schema\/logo\/image\/","url":"https:\/\/nucleodisca.cl\/cms\/wp-content\/uploads\/2023\/10\/DISCA-2-NEGRO-COLOR-A.png","contentUrl":"https:\/\/nucleodisca.cl\/cms\/wp-content\/uploads\/2023\/10\/DISCA-2-NEGRO-COLOR-A.png","width":3319,"height":1759,"caption":"N\u00facleo Milenio Disca"},"image":{"@id":"https:\/\/nucleodisca.cl\/#\/schema\/logo\/image\/"},"sameAs":["https:\/\/www.facebook.com\/nucleodisca","https:\/\/x.com\/NucleoDISCA","https:\/\/www.instagram.com\/nucleodisca\/","https:\/\/www.linkedin.com\/in\/andreaocampocea\/"]},{"@type":"Person","@id":"https:\/\/nucleodisca.cl\/#\/schema\/person\/b42edcb08ececf3308d983810217cba1","name":"Andrea Medina","image":{"@type":"ImageObject","inLanguage":"en-US","@id":"https:\/\/nucleodisca.cl\/#\/schema\/person\/image\/","url":"https:\/\/secure.gravatar.com\/avatar\/86472d0fda5788ab63efd50af58d8bf28314af02056a12b425db9d2208d3bd1c?s=96&d=mm&r=g","contentUrl":"https:\/\/secure.gravatar.com\/avatar\/86472d0fda5788ab63efd50af58d8bf28314af02056a12b425db9d2208d3bd1c?s=96&d=mm&r=g","caption":"Andrea Medina"},"url":"https:\/\/nucleodisca.cl\/en\/author\/andrea-medina\/"}]}},"_links":{"self":[{"href":"https:\/\/nucleodisca.cl\/en\/wp-json\/wp\/v2\/posts\/551","targetHints":{"allow":["GET"]}}],"collection":[{"href":"https:\/\/nucleodisca.cl\/en\/wp-json\/wp\/v2\/posts"}],"about":[{"href":"https:\/\/nucleodisca.cl\/en\/wp-json\/wp\/v2\/types\/post"}],"author":[{"embeddable":true,"href":"https:\/\/nucleodisca.cl\/en\/wp-json\/wp\/v2\/users\/4"}],"replies":[{"embeddable":true,"href":"https:\/\/nucleodisca.cl\/en\/wp-json\/wp\/v2\/comments?post=551"}],"version-history":[{"count":4,"href":"https:\/\/nucleodisca.cl\/en\/wp-json\/wp\/v2\/posts\/551\/revisions"}],"predecessor-version":[{"id":727,"href":"https:\/\/nucleodisca.cl\/en\/wp-json\/wp\/v2\/posts\/551\/revisions\/727"}],"wp:featuredmedia":[{"embeddable":true,"href":"https:\/\/nucleodisca.cl\/en\/wp-json\/wp\/v2\/media\/555"}],"wp:attachment":[{"href":"https:\/\/nucleodisca.cl\/en\/wp-json\/wp\/v2\/media?parent=551"}],"wp:term":[{"taxonomy":"category","embeddable":true,"href":"https:\/\/nucleodisca.cl\/en\/wp-json\/wp\/v2\/categories?post=551"},{"taxonomy":"post_tag","embeddable":true,"href":"https:\/\/nucleodisca.cl\/en\/wp-json\/wp\/v2\/tags?post=551"}],"curies":[{"name":"wp","href":"https:\/\/api.w.org\/{rel}","templated":true}]}}