{"id":835,"date":"2023-05-13T12:00:09","date_gmt":"2023-05-13T16:00:09","guid":{"rendered":"https:\/\/nucleodisca.cl\/?p=835"},"modified":"2025-09-11T11:29:06","modified_gmt":"2025-09-11T15:29:06","slug":"the-functional-model-of-legal-capacity-an-analysis-of-the-regulation-of-legal-capacity-in-three-common-law-jurisdictions","status":"publish","type":"post","link":"https:\/\/nucleodisca.cl\/en\/the-functional-model-of-legal-capacity-an-analysis-of-the-regulation-of-legal-capacity-in-three-common-law-jurisdictions\/","title":{"rendered":"The Functional Model of Legal Capacity: An Analysis of the Regulation of Legal Capacity in three Common Law Jurisdictions"},"content":{"rendered":"<p>This paper introduces the developments of the functional model of legal capacity in the Common Law tradition to Spanish-speaking academic audiences. To achieve this, a brief comparison is drawn between different models to assess whether an adult lacks the necessary capacity to enter legal transactions. It is observed that, out of all these models, the functional model is the only one currently enjoying relative acceptance. For this reason, we comment on its virtues and defects. After the introductory part, this piece moves on to a study of how forensic practice in three jurisdictions that are considered examples of this legal tradition, namely England and Wales in the United Kingdom, British Columbia in Canada, and Queensland in Australia, all regulate the legal capacity of people with disabilities.<\/p>\n<p>&nbsp;<\/p>\n<p>Note: This article was originally published in Spanish and English.<\/p>","protected":false},"excerpt":{"rendered":"<p>This paper introduces the developments of the functional model of legal capacity in the Common Law tradition to Spanish-speaking academic audiences. To achieve this, a brief comparison is drawn between different models to assess whether an adult lacks the necessary capacity to enter legal transactions. It is observed that, out of all these models, the [&hellip;]<\/p>\n","protected":false},"author":5,"featured_media":0,"comment_status":"open","ping_status":"open","sticky":false,"template":"","format":"standard","meta":{"_acf_changed":false,"footnotes":""},"categories":[16],"tags":[19],"class_list":["post-835","post","type-post","status-publish","format-standard","hentry","category-publications","tag-participacion-politica"],"acf":[],"yoast_head":"<!-- This site is optimized with the Yoast SEO plugin v25.6 - https:\/\/yoast.com\/wordpress\/plugins\/seo\/ -->\n<title>The Functional Model of Legal Capacity: An Analysis of the Regulation of Legal Capacity in three Common Law Jurisdictions - N\u00facleo Disca<\/title>\n<meta name=\"robots\" content=\"index, follow, max-snippet:-1, max-image-preview:large, max-video-preview:-1\" \/>\n<link rel=\"canonical\" href=\"https:\/\/nucleodisca.cl\/the-functional-model-of-legal-capacity-an-analysis-of-the-regulation-of-legal-capacity-in-three-common-law-jurisdictions\/\" \/>\n<meta property=\"og:locale\" content=\"en_US\" \/>\n<meta property=\"og:type\" content=\"article\" \/>\n<meta property=\"og:title\" content=\"[:es]El modelo funcional de capacidad jur\u00eddica: an\u00e1lisis de la regulaci\u00f3n de la capacidad jur\u00eddica en tres jurisdicciones del Common Law[:en]The Functional Model of Legal Capacity: An Analysis of the Regulation of Legal Capacity in three Common Law Jurisdictions[:] - N\u00facleo Disca\" \/>\n<meta property=\"og:description\" content=\"This paper introduces the developments of the functional model of legal capacity in the Common Law tradition to Spanish-speaking academic audiences. To achieve this, a brief comparison is drawn between different models to assess whether an adult lacks the necessary capacity to enter legal transactions. It is observed that, out of all these models, the [&hellip;]\" \/>\n<meta property=\"og:url\" content=\"https:\/\/nucleodisca.cl\/the-functional-model-of-legal-capacity-an-analysis-of-the-regulation-of-legal-capacity-in-three-common-law-jurisdictions\/\" \/>\n<meta property=\"og:site_name\" content=\"N\u00facleo Disca\" \/>\n<meta property=\"article:publisher\" content=\"https:\/\/www.facebook.com\/nucleodisca\" \/>\n<meta property=\"article:published_time\" content=\"2023-05-13T16:00:09+00:00\" \/>\n<meta property=\"article:modified_time\" content=\"2025-09-11T15:29:06+00:00\" \/>\n<meta name=\"author\" content=\"Comunicaciones N\u00facleo DISCA\" \/>\n<meta name=\"twitter:card\" content=\"summary_large_image\" \/>\n<meta name=\"twitter:creator\" content=\"@NucleoDISCA\" \/>\n<meta name=\"twitter:site\" content=\"@NucleoDISCA\" \/>\n<meta name=\"twitter:label1\" content=\"Written by\" \/>\n\t<meta name=\"twitter:data1\" content=\"Comunicaciones N\u00facleo DISCA\" \/>\n\t<meta name=\"twitter:label2\" content=\"Est. reading time\" \/>\n\t<meta name=\"twitter:data2\" content=\"1 minute\" \/>\n<script type=\"application\/ld+json\" class=\"yoast-schema-graph\">{\"@context\":\"https:\/\/schema.org\",\"@graph\":[{\"@type\":\"Article\",\"@id\":\"https:\/\/nucleodisca.cl\/the-functional-model-of-legal-capacity-an-analysis-of-the-regulation-of-legal-capacity-in-three-common-law-jurisdictions\/#article\",\"isPartOf\":{\"@id\":\"https:\/\/nucleodisca.cl\/the-functional-model-of-legal-capacity-an-analysis-of-the-regulation-of-legal-capacity-in-three-common-law-jurisdictions\/\"},\"author\":{\"name\":\"Comunicaciones N\u00facleo DISCA\",\"@id\":\"https:\/\/nucleodisca.cl\/#\/schema\/person\/0d5d5ce734125bf4107dd5e3ac72e68d\"},\"headline\":\"The Functional Model of Legal Capacity: An Analysis of the Regulation of Legal Capacity in three Common Law Jurisdictions\",\"datePublished\":\"2023-05-13T16:00:09+00:00\",\"dateModified\":\"2025-09-11T15:29:06+00:00\",\"mainEntityOfPage\":{\"@id\":\"https:\/\/nucleodisca.cl\/the-functional-model-of-legal-capacity-an-analysis-of-the-regulation-of-legal-capacity-in-three-common-law-jurisdictions\/\"},\"wordCount\":345,\"commentCount\":0,\"publisher\":{\"@id\":\"https:\/\/nucleodisca.cl\/#organization\"},\"keywords\":[\"Participaci\u00f3n pol\u00edtica\"],\"articleSection\":[\"Scientific Publications\"],\"inLanguage\":\"en-US\",\"potentialAction\":[{\"@type\":\"CommentAction\",\"name\":\"Comment\",\"target\":[\"https:\/\/nucleodisca.cl\/the-functional-model-of-legal-capacity-an-analysis-of-the-regulation-of-legal-capacity-in-three-common-law-jurisdictions\/#respond\"]}]},{\"@type\":\"WebPage\",\"@id\":\"https:\/\/nucleodisca.cl\/the-functional-model-of-legal-capacity-an-analysis-of-the-regulation-of-legal-capacity-in-three-common-law-jurisdictions\/\",\"url\":\"https:\/\/nucleodisca.cl\/the-functional-model-of-legal-capacity-an-analysis-of-the-regulation-of-legal-capacity-in-three-common-law-jurisdictions\/\",\"name\":\"[:es]El modelo funcional de capacidad jur\u00eddica: an\u00e1lisis de la regulaci\u00f3n de la capacidad jur\u00eddica en tres jurisdicciones del Common Law[:en]The Functional Model of Legal Capacity: An Analysis of the Regulation of Legal Capacity in three Common Law Jurisdictions[:] - N\u00facleo Disca\",\"isPartOf\":{\"@id\":\"https:\/\/nucleodisca.cl\/#website\"},\"datePublished\":\"2023-05-13T16:00:09+00:00\",\"dateModified\":\"2025-09-11T15:29:06+00:00\",\"breadcrumb\":{\"@id\":\"https:\/\/nucleodisca.cl\/the-functional-model-of-legal-capacity-an-analysis-of-the-regulation-of-legal-capacity-in-three-common-law-jurisdictions\/#breadcrumb\"},\"inLanguage\":\"en-US\",\"potentialAction\":[{\"@type\":\"ReadAction\",\"target\":[\"https:\/\/nucleodisca.cl\/the-functional-model-of-legal-capacity-an-analysis-of-the-regulation-of-legal-capacity-in-three-common-law-jurisdictions\/\"]}]},{\"@type\":\"BreadcrumbList\",\"@id\":\"https:\/\/nucleodisca.cl\/the-functional-model-of-legal-capacity-an-analysis-of-the-regulation-of-legal-capacity-in-three-common-law-jurisdictions\/#breadcrumb\",\"itemListElement\":[{\"@type\":\"ListItem\",\"position\":1,\"name\":\"Portada\",\"item\":\"https:\/\/nucleodisca.cl\/\"},{\"@type\":\"ListItem\",\"position\":2,\"name\":\"El modelo funcional de capacidad jur\u00eddica: an\u00e1lisis de la regulaci\u00f3n de la capacidad jur\u00eddica en tres jurisdicciones del Common Law\"}]},{\"@type\":\"WebSite\",\"@id\":\"https:\/\/nucleodisca.cl\/#website\",\"url\":\"https:\/\/nucleodisca.cl\/\",\"name\":\"N\u00facleo Disca\",\"description\":\"Disability and citizenship\",\"publisher\":{\"@id\":\"https:\/\/nucleodisca.cl\/#organization\"},\"potentialAction\":[{\"@type\":\"SearchAction\",\"target\":{\"@type\":\"EntryPoint\",\"urlTemplate\":\"https:\/\/nucleodisca.cl\/?s={search_term_string}\"},\"query-input\":{\"@type\":\"PropertyValueSpecification\",\"valueRequired\":true,\"valueName\":\"search_term_string\"}}],\"inLanguage\":\"en-US\"},{\"@type\":\"Organization\",\"@id\":\"https:\/\/nucleodisca.cl\/#organization\",\"name\":\"N\u00facleo Milenio Disca\",\"url\":\"https:\/\/nucleodisca.cl\/\",\"logo\":{\"@type\":\"ImageObject\",\"inLanguage\":\"en-US\",\"@id\":\"https:\/\/nucleodisca.cl\/#\/schema\/logo\/image\/\",\"url\":\"https:\/\/nucleodisca.cl\/cms\/wp-content\/uploads\/2023\/10\/DISCA-2-NEGRO-COLOR-A.png\",\"contentUrl\":\"https:\/\/nucleodisca.cl\/cms\/wp-content\/uploads\/2023\/10\/DISCA-2-NEGRO-COLOR-A.png\",\"width\":3319,\"height\":1759,\"caption\":\"N\u00facleo Milenio Disca\"},\"image\":{\"@id\":\"https:\/\/nucleodisca.cl\/#\/schema\/logo\/image\/\"},\"sameAs\":[\"https:\/\/www.facebook.com\/nucleodisca\",\"https:\/\/x.com\/NucleoDISCA\",\"https:\/\/www.instagram.com\/nucleodisca\/\",\"https:\/\/www.linkedin.com\/in\/andreaocampocea\/\"]},{\"@type\":\"Person\",\"@id\":\"https:\/\/nucleodisca.cl\/#\/schema\/person\/0d5d5ce734125bf4107dd5e3ac72e68d\",\"name\":\"Comunicaciones N\u00facleo DISCA\",\"image\":{\"@type\":\"ImageObject\",\"inLanguage\":\"en-US\",\"@id\":\"https:\/\/nucleodisca.cl\/#\/schema\/person\/image\/\",\"url\":\"https:\/\/secure.gravatar.com\/avatar\/de60239641be037891609bfc9d5937b65c6dbb4447c8d5cad76c0b85bbd7643f?s=96&d=mm&r=g\",\"contentUrl\":\"https:\/\/secure.gravatar.com\/avatar\/de60239641be037891609bfc9d5937b65c6dbb4447c8d5cad76c0b85bbd7643f?s=96&d=mm&r=g\",\"caption\":\"Comunicaciones N\u00facleo DISCA\"},\"url\":\"https:\/\/nucleodisca.cl\/en\/author\/comunicaciones\/\"}]}<\/script>\n<!-- \/ Yoast SEO plugin. -->","yoast_head_json":{"title":"[:es]El modelo funcional de capacidad jur\u00eddica: an\u00e1lisis de la regulaci\u00f3n de la capacidad jur\u00eddica en tres jurisdicciones del Common Law[:en]The Functional Model of Legal Capacity: An Analysis of the Regulation of Legal Capacity in three Common Law Jurisdictions[:] - N\u00facleo Disca","robots":{"index":"index","follow":"follow","max-snippet":"max-snippet:-1","max-image-preview":"max-image-preview:large","max-video-preview":"max-video-preview:-1"},"canonical":"https:\/\/nucleodisca.cl\/the-functional-model-of-legal-capacity-an-analysis-of-the-regulation-of-legal-capacity-in-three-common-law-jurisdictions\/","og_locale":"en_US","og_type":"article","og_title":"[:es]El modelo funcional de capacidad jur\u00eddica: an\u00e1lisis de la regulaci\u00f3n de la capacidad jur\u00eddica en tres jurisdicciones del Common Law[:en]The Functional Model of Legal Capacity: An Analysis of the Regulation of Legal Capacity in three Common Law Jurisdictions[:] - N\u00facleo Disca","og_description":"This paper introduces the developments of the functional model of legal capacity in the Common Law tradition to Spanish-speaking academic audiences. To achieve this, a brief comparison is drawn between different models to assess whether an adult lacks the necessary capacity to enter legal transactions. It is observed that, out of all these models, the [&hellip;]","og_url":"https:\/\/nucleodisca.cl\/the-functional-model-of-legal-capacity-an-analysis-of-the-regulation-of-legal-capacity-in-three-common-law-jurisdictions\/","og_site_name":"N\u00facleo Disca","article_publisher":"https:\/\/www.facebook.com\/nucleodisca","article_published_time":"2023-05-13T16:00:09+00:00","article_modified_time":"2025-09-11T15:29:06+00:00","author":"Comunicaciones N\u00facleo DISCA","twitter_card":"summary_large_image","twitter_creator":"@NucleoDISCA","twitter_site":"@NucleoDISCA","twitter_misc":{"Written by":"Comunicaciones N\u00facleo DISCA","Est. reading time":"1 minute"},"schema":{"@context":"https:\/\/schema.org","@graph":[{"@type":"Article","@id":"https:\/\/nucleodisca.cl\/the-functional-model-of-legal-capacity-an-analysis-of-the-regulation-of-legal-capacity-in-three-common-law-jurisdictions\/#article","isPartOf":{"@id":"https:\/\/nucleodisca.cl\/the-functional-model-of-legal-capacity-an-analysis-of-the-regulation-of-legal-capacity-in-three-common-law-jurisdictions\/"},"author":{"name":"Comunicaciones N\u00facleo DISCA","@id":"https:\/\/nucleodisca.cl\/#\/schema\/person\/0d5d5ce734125bf4107dd5e3ac72e68d"},"headline":"The Functional Model of Legal Capacity: An Analysis of the Regulation of Legal Capacity in three Common Law Jurisdictions","datePublished":"2023-05-13T16:00:09+00:00","dateModified":"2025-09-11T15:29:06+00:00","mainEntityOfPage":{"@id":"https:\/\/nucleodisca.cl\/the-functional-model-of-legal-capacity-an-analysis-of-the-regulation-of-legal-capacity-in-three-common-law-jurisdictions\/"},"wordCount":345,"commentCount":0,"publisher":{"@id":"https:\/\/nucleodisca.cl\/#organization"},"keywords":["Participaci\u00f3n pol\u00edtica"],"articleSection":["Scientific Publications"],"inLanguage":"en-US","potentialAction":[{"@type":"CommentAction","name":"Comment","target":["https:\/\/nucleodisca.cl\/the-functional-model-of-legal-capacity-an-analysis-of-the-regulation-of-legal-capacity-in-three-common-law-jurisdictions\/#respond"]}]},{"@type":"WebPage","@id":"https:\/\/nucleodisca.cl\/the-functional-model-of-legal-capacity-an-analysis-of-the-regulation-of-legal-capacity-in-three-common-law-jurisdictions\/","url":"https:\/\/nucleodisca.cl\/the-functional-model-of-legal-capacity-an-analysis-of-the-regulation-of-legal-capacity-in-three-common-law-jurisdictions\/","name":"[:es]El modelo funcional de capacidad jur\u00eddica: an\u00e1lisis de la regulaci\u00f3n de la capacidad jur\u00eddica en tres jurisdicciones del Common Law[:en]The Functional Model of Legal Capacity: An Analysis of the Regulation of Legal Capacity in three Common Law Jurisdictions[:] - N\u00facleo Disca","isPartOf":{"@id":"https:\/\/nucleodisca.cl\/#website"},"datePublished":"2023-05-13T16:00:09+00:00","dateModified":"2025-09-11T15:29:06+00:00","breadcrumb":{"@id":"https:\/\/nucleodisca.cl\/the-functional-model-of-legal-capacity-an-analysis-of-the-regulation-of-legal-capacity-in-three-common-law-jurisdictions\/#breadcrumb"},"inLanguage":"en-US","potentialAction":[{"@type":"ReadAction","target":["https:\/\/nucleodisca.cl\/the-functional-model-of-legal-capacity-an-analysis-of-the-regulation-of-legal-capacity-in-three-common-law-jurisdictions\/"]}]},{"@type":"BreadcrumbList","@id":"https:\/\/nucleodisca.cl\/the-functional-model-of-legal-capacity-an-analysis-of-the-regulation-of-legal-capacity-in-three-common-law-jurisdictions\/#breadcrumb","itemListElement":[{"@type":"ListItem","position":1,"name":"Portada","item":"https:\/\/nucleodisca.cl\/"},{"@type":"ListItem","position":2,"name":"El modelo funcional de capacidad jur\u00eddica: an\u00e1lisis de la regulaci\u00f3n de la capacidad jur\u00eddica en tres jurisdicciones del Common Law"}]},{"@type":"WebSite","@id":"https:\/\/nucleodisca.cl\/#website","url":"https:\/\/nucleodisca.cl\/","name":"N\u00facleo Disca","description":"Disability and citizenship","publisher":{"@id":"https:\/\/nucleodisca.cl\/#organization"},"potentialAction":[{"@type":"SearchAction","target":{"@type":"EntryPoint","urlTemplate":"https:\/\/nucleodisca.cl\/?s={search_term_string}"},"query-input":{"@type":"PropertyValueSpecification","valueRequired":true,"valueName":"search_term_string"}}],"inLanguage":"en-US"},{"@type":"Organization","@id":"https:\/\/nucleodisca.cl\/#organization","name":"N\u00facleo Milenio Disca","url":"https:\/\/nucleodisca.cl\/","logo":{"@type":"ImageObject","inLanguage":"en-US","@id":"https:\/\/nucleodisca.cl\/#\/schema\/logo\/image\/","url":"https:\/\/nucleodisca.cl\/cms\/wp-content\/uploads\/2023\/10\/DISCA-2-NEGRO-COLOR-A.png","contentUrl":"https:\/\/nucleodisca.cl\/cms\/wp-content\/uploads\/2023\/10\/DISCA-2-NEGRO-COLOR-A.png","width":3319,"height":1759,"caption":"N\u00facleo Milenio Disca"},"image":{"@id":"https:\/\/nucleodisca.cl\/#\/schema\/logo\/image\/"},"sameAs":["https:\/\/www.facebook.com\/nucleodisca","https:\/\/x.com\/NucleoDISCA","https:\/\/www.instagram.com\/nucleodisca\/","https:\/\/www.linkedin.com\/in\/andreaocampocea\/"]},{"@type":"Person","@id":"https:\/\/nucleodisca.cl\/#\/schema\/person\/0d5d5ce734125bf4107dd5e3ac72e68d","name":"Comunicaciones N\u00facleo DISCA","image":{"@type":"ImageObject","inLanguage":"en-US","@id":"https:\/\/nucleodisca.cl\/#\/schema\/person\/image\/","url":"https:\/\/secure.gravatar.com\/avatar\/de60239641be037891609bfc9d5937b65c6dbb4447c8d5cad76c0b85bbd7643f?s=96&d=mm&r=g","contentUrl":"https:\/\/secure.gravatar.com\/avatar\/de60239641be037891609bfc9d5937b65c6dbb4447c8d5cad76c0b85bbd7643f?s=96&d=mm&r=g","caption":"Comunicaciones N\u00facleo DISCA"},"url":"https:\/\/nucleodisca.cl\/en\/author\/comunicaciones\/"}]}},"_links":{"self":[{"href":"https:\/\/nucleodisca.cl\/en\/wp-json\/wp\/v2\/posts\/835","targetHints":{"allow":["GET"]}}],"collection":[{"href":"https:\/\/nucleodisca.cl\/en\/wp-json\/wp\/v2\/posts"}],"about":[{"href":"https:\/\/nucleodisca.cl\/en\/wp-json\/wp\/v2\/types\/post"}],"author":[{"embeddable":true,"href":"https:\/\/nucleodisca.cl\/en\/wp-json\/wp\/v2\/users\/5"}],"replies":[{"embeddable":true,"href":"https:\/\/nucleodisca.cl\/en\/wp-json\/wp\/v2\/comments?post=835"}],"version-history":[{"count":3,"href":"https:\/\/nucleodisca.cl\/en\/wp-json\/wp\/v2\/posts\/835\/revisions"}],"predecessor-version":[{"id":1737,"href":"https:\/\/nucleodisca.cl\/en\/wp-json\/wp\/v2\/posts\/835\/revisions\/1737"}],"wp:attachment":[{"href":"https:\/\/nucleodisca.cl\/en\/wp-json\/wp\/v2\/media?parent=835"}],"wp:term":[{"taxonomy":"category","embeddable":true,"href":"https:\/\/nucleodisca.cl\/en\/wp-json\/wp\/v2\/categories?post=835"},{"taxonomy":"post_tag","embeddable":true,"href":"https:\/\/nucleodisca.cl\/en\/wp-json\/wp\/v2\/tags?post=835"}],"curies":[{"name":"wp","href":"https:\/\/api.w.org\/{rel}","templated":true}]}}